{"id":99920,"date":"2023-04-04T15:18:22","date_gmt":"2023-04-04T18:18:22","guid":{"rendered":"https:\/\/www.actualidadadiario.com\/?p=99920"},"modified":"2023-04-04T15:18:22","modified_gmt":"2023-04-04T18:18:22","slug":"elecciones-2023-hasta-cuando-se-pueden-presentar-las-alianzas","status":"publish","type":"post","link":"https:\/\/www.actualidadadiario.com\/index.php\/2023\/04\/04\/elecciones-2023-hasta-cuando-se-pueden-presentar-las-alianzas\/","title":{"rendered":"Elecciones 2023: hasta cu\u00e1ndo se pueden presentar las alianzas"},"content":{"rendered":"<p style=\"text-align: center;\"><em><strong>El cronograma ya fue fijado por la C\u00e1mara Nacional Electoral y, en este contexto, los partidos tienen una fecha l\u00edmite para presentar sus alianzas pol\u00edticas<\/strong><\/em><\/p>\n<p>&nbsp;<\/p>\n<p>&nbsp;<\/p>\n<p>Los argentinos volver\u00e1n a las urnas este a\u00f1o para elegir presidente de la Naci\u00f3n, que asumir\u00e1 el pr\u00f3ximo 10 de diciembre. Las fechas del cronograma para las elecciones 2023 ya fueron confirmadas por parte de la C\u00e1mara Nacional Electoral y ya pod\u00e9s consultar el padr\u00f3n electoral.<\/p>\n<p>El calendario establece, entre otras cuestiones, las fechas de las elecciones primarias PASO para el domingo 13 de agosto y las generales para el domingo 22 de octubre, cu\u00e1ndo podr\u00e1n consultarse los padrones, el reconocimiento de alianzas electorales y los plazos de la campa\u00f1a electoral.<\/p>\n<p>Adem\u00e1s, se fijaron las fechas de los Debates Presidenciales Obligatorios que se realizar\u00e1n el 1 de octubre y el 8 de octubre, y en caso que hubiera una segunda vuelta (balotaje), se realizar\u00e1 un tercer debate el 12 de noviembre.<\/p>\n<p>En este contexto, los partidos tendr\u00e1n una fecha l\u00edmite para presentar sus alianzas pol\u00edticas en las pr\u00f3ximas elecciones.<\/p>\n<p>&nbsp;<\/p>\n<p><strong>Cu\u00e1l es la fecha para presentar las alianzas<\/strong><\/p>\n<p>La inscripci\u00f3n de las alianzas, seg\u00fan el calendario electoral, se podr\u00e1 realizar hasta el 14 de junio, es decir, hasta 60 d\u00edas antes de la elecci\u00f3n.<\/p>\n<p>El padr\u00f3n provisorio, por su parte, cerrar\u00e1 el 25 de abril pr\u00f3ximo, 180 d\u00edas antes de la elecci\u00f3n. Es decir que si alguien registra un cambio de domicilio en una fecha posterior no ser\u00e1 tenido en cuenta y tendr\u00e1 que votar en la escuela correspondiente a su anterior direcci\u00f3n.<\/p>\n<p>Tras el cierre del plazo, la C\u00e1mara Nacional Electoral deber\u00e1 publicar durante 10 d\u00edas el padr\u00f3n provisorio, dando lugar a posibles reclamos por parte de los electores, en caso de que sus datos no fueran reflejados correctamente.<\/p>\n<p>Por otro lado, tambi\u00e9n hay una fecha l\u00edmite para uno de los tr\u00e1mites m\u00e1s importantes: el cambio de domicilio. El registr\u00f3 deber\u00e1 realizarse antes del 25 de abril en el padr\u00f3n electoral para las pr\u00f3ximas PASO, las cuales se realizar\u00e1n el 13 de agosto.<\/p>\n","protected":false},"excerpt":{"rendered":"<p>El cronograma ya fue fijado por la C\u00e1mara Nacional Electoral y, en este contexto, los partidos tienen una fecha l\u00edmite para presentar sus alianzas pol\u00edticas &nbsp; &nbsp; Los argentinos volver\u00e1n a las urnas este a\u00f1o para elegir presidente de la Naci\u00f3n, que asumir\u00e1 el pr\u00f3ximo 10 de diciembre. Las fechas del cronograma para las elecciones 2023 ya fueron confirmadas por parte de la C\u00e1mara Nacional Electoral y ya pod\u00e9s consultar el padr\u00f3n electoral. El calendario establece, entre otras cuestiones, las fechas de las elecciones primarias PASO para el domingo 13&#8230;<\/p>\n","protected":false},"author":3,"featured_media":92841,"comment_status":"closed","ping_status":"closed","sticky":false,"template":"","format":"standard","meta":[],"categories":[9],"tags":[],"_links":{"self":[{"href":"https:\/\/www.actualidadadiario.com\/index.php\/wp-json\/wp\/v2\/posts\/99920"}],"collection":[{"href":"https:\/\/www.actualidadadiario.com\/index.php\/wp-json\/wp\/v2\/posts"}],"about":[{"href":"https:\/\/www.actualidadadiario.com\/index.php\/wp-json\/wp\/v2\/types\/post"}],"author":[{"embeddable":true,"href":"https:\/\/www.actualidadadiario.com\/index.php\/wp-json\/wp\/v2\/users\/3"}],"replies":[{"embeddable":true,"href":"https:\/\/www.actualidadadiario.com\/index.php\/wp-json\/wp\/v2\/comments?post=99920"}],"version-history":[{"count":1,"href":"https:\/\/www.actualidadadiario.com\/index.php\/wp-json\/wp\/v2\/posts\/99920\/revisions"}],"predecessor-version":[{"id":99921,"href":"https:\/\/www.actualidadadiario.com\/index.php\/wp-json\/wp\/v2\/posts\/99920\/revisions\/99921"}],"wp:featuredmedia":[{"embeddable":true,"href":"https:\/\/www.actualidadadiario.com\/index.php\/wp-json\/wp\/v2\/media\/92841"}],"wp:attachment":[{"href":"https:\/\/www.actualidadadiario.com\/index.php\/wp-json\/wp\/v2\/media?parent=99920"}],"wp:term":[{"taxonomy":"category","embeddable":true,"href":"https:\/\/www.actualidadadiario.com\/index.php\/wp-json\/wp\/v2\/categories?post=99920"},{"taxonomy":"post_tag","embeddable":true,"href":"https:\/\/www.actualidadadiario.com\/index.php\/wp-json\/wp\/v2\/tags?post=99920"}],"curies":[{"name":"wp","href":"https:\/\/api.w.org\/{rel}","templated":true}]}}