{"id":99865,"date":"2023-04-03T13:24:48","date_gmt":"2023-04-03T16:24:48","guid":{"rendered":"https:\/\/www.actualidadadiario.com\/?p=99865"},"modified":"2023-04-03T13:24:48","modified_gmt":"2023-04-03T16:24:48","slug":"sequia-mas-de-10-000-productores-gestionaron-ayuda-en-santa-fe","status":"publish","type":"post","link":"https:\/\/www.actualidadadiario.com\/index.php\/2023\/04\/03\/sequia-mas-de-10-000-productores-gestionaron-ayuda-en-santa-fe\/","title":{"rendered":"Sequ\u00eda: m\u00e1s de 10.000 productores gestionaron ayuda en Santa Fe"},"content":{"rendered":"<p style=\"text-align: center;\"><em><strong>El Gobierno otorgar\u00e1 ayuda econ\u00f3mica a los productores que se vieron afectados por las severas consecuencias que trajo la sequ\u00eda. La inscripci\u00f3n est\u00e1 abierta<\/strong><\/em><\/p>\n<p>&nbsp;<\/p>\n<p>&nbsp;<\/p>\n<p>M\u00e1s de 10 mil productores de la provincia de Santa Fe presentaron hasta el momento sus declaraciones juradas de da\u00f1os para adherir a los beneficios de la emergencia agropecuaria declarada por la sequ\u00eda, que tiene como fecha l\u00edmite de inscripci\u00f3n el 14 de abril, informaron este lunes voceros oficiales.<\/p>\n<p>Se estima que esos 10.000 afectados que firmaron su declaraci\u00f3n jurada representan alrededor de 5 millones de hect\u00e1reas productivas afectadas por la sequ\u00eda, que son a su vez un 40% del total provincial, por lo cual se esperan a\u00fan muchas inscripciones.<\/p>\n<p>Por su parte, la secretaria de Agroalimentos del Ministerio de la Producci\u00f3n, Mar\u00eda Eugenia Carrizo, remarc\u00f3 que, si bien la AFIP admiti\u00f3 que los productores puedan percibir los beneficios econ\u00f3micos con la sola presentaci\u00f3n de la declaraci\u00f3n jurada, estos deber\u00e1n presentar los certificados ante el organismo ni bien los reciban.<\/p>\n<p>&nbsp;<\/p>\n<p><strong>Ayuda econ\u00f3mica por la sequ\u00eda<\/strong><\/p>\n<p>La presentaci\u00f3n de la declaraci\u00f3n jurada es el primer paso para obtener el certificado, pero ante la gravedad de la situaci\u00f3n, la Administraci\u00f3n Federal de Ingresos P\u00fablicos (AFIP) accedi\u00f3 a un pedido del Gobierno provincial para que los productores comiencen a percibir los beneficios de la emergencia a partir del inicio del tr\u00e1mite.<\/p>\n<p>&nbsp;<\/p>\n<p><strong>C\u00f3mo presentar la declaraci\u00f3n jurada<\/strong><\/p>\n<p>Se debe acceder al Sistema Santafesino de Gesti\u00f3n de Situaciones de Emergencia Agropecuaria (Sisagea), desde la p\u00e1gina web santafe.gov.ar, en cuya portada figura un enlace a Emergencia Agropecuaria.<\/p>\n<p>Para informar los da\u00f1os sufridos en sus predios o explotaciones, los productores deber\u00e1n estar inscriptos en el Registro \u00danico de Producciones Primarias (RUPP).<\/p>\n","protected":false},"excerpt":{"rendered":"<p>El Gobierno otorgar\u00e1 ayuda econ\u00f3mica a los productores que se vieron afectados por las severas consecuencias que trajo la sequ\u00eda. La inscripci\u00f3n est\u00e1 abierta &nbsp; &nbsp; M\u00e1s de 10 mil productores de la provincia de Santa Fe presentaron hasta el momento sus declaraciones juradas de da\u00f1os para adherir a los beneficios de la emergencia agropecuaria declarada por la sequ\u00eda, que tiene como fecha l\u00edmite de inscripci\u00f3n el 14 de abril, informaron este lunes voceros oficiales. Se estima que esos 10.000 afectados que firmaron su declaraci\u00f3n jurada representan alrededor de 5&#8230;<\/p>\n","protected":false},"author":3,"featured_media":81540,"comment_status":"closed","ping_status":"closed","sticky":false,"template":"","format":"standard","meta":[],"categories":[2],"tags":[],"_links":{"self":[{"href":"https:\/\/www.actualidadadiario.com\/index.php\/wp-json\/wp\/v2\/posts\/99865"}],"collection":[{"href":"https:\/\/www.actualidadadiario.com\/index.php\/wp-json\/wp\/v2\/posts"}],"about":[{"href":"https:\/\/www.actualidadadiario.com\/index.php\/wp-json\/wp\/v2\/types\/post"}],"author":[{"embeddable":true,"href":"https:\/\/www.actualidadadiario.com\/index.php\/wp-json\/wp\/v2\/users\/3"}],"replies":[{"embeddable":true,"href":"https:\/\/www.actualidadadiario.com\/index.php\/wp-json\/wp\/v2\/comments?post=99865"}],"version-history":[{"count":1,"href":"https:\/\/www.actualidadadiario.com\/index.php\/wp-json\/wp\/v2\/posts\/99865\/revisions"}],"predecessor-version":[{"id":99866,"href":"https:\/\/www.actualidadadiario.com\/index.php\/wp-json\/wp\/v2\/posts\/99865\/revisions\/99866"}],"wp:featuredmedia":[{"embeddable":true,"href":"https:\/\/www.actualidadadiario.com\/index.php\/wp-json\/wp\/v2\/media\/81540"}],"wp:attachment":[{"href":"https:\/\/www.actualidadadiario.com\/index.php\/wp-json\/wp\/v2\/media?parent=99865"}],"wp:term":[{"taxonomy":"category","embeddable":true,"href":"https:\/\/www.actualidadadiario.com\/index.php\/wp-json\/wp\/v2\/categories?post=99865"},{"taxonomy":"post_tag","embeddable":true,"href":"https:\/\/www.actualidadadiario.com\/index.php\/wp-json\/wp\/v2\/tags?post=99865"}],"curies":[{"name":"wp","href":"https:\/\/api.w.org\/{rel}","templated":true}]}}