{"id":99863,"date":"2023-04-03T13:24:02","date_gmt":"2023-04-03T16:24:02","guid":{"rendered":"https:\/\/www.actualidadadiario.com\/?p=99863"},"modified":"2023-04-03T13:24:02","modified_gmt":"2023-04-03T16:24:02","slug":"la-inflacion-se-acelero-en-marzo-segun-anticipan-las-consultoras","status":"publish","type":"post","link":"https:\/\/www.actualidadadiario.com\/index.php\/2023\/04\/03\/la-inflacion-se-acelero-en-marzo-segun-anticipan-las-consultoras\/","title":{"rendered":"La inflaci\u00f3n se aceler\u00f3 en marzo, seg\u00fan anticipan las consultoras"},"content":{"rendered":"<p style=\"text-align: center;\"><em><strong>De acuerdo a los relevamientos privados, la inflaci\u00f3n del mes pasado se acerc\u00f3 al 7%. Desaceler\u00f3 el rubro alimentos<\/strong><\/em><\/p>\n<p>&nbsp;<\/p>\n<p>&nbsp;<\/p>\n<p>Luego del salto al 6,6% en febrero, la inflaci\u00f3n se volvi\u00f3 a acelerar durante marzo. As\u00ed, al menos, lo estimaron distintos relevamientos de consultoras privadas que adelantaron que la variaci\u00f3n del \u00cdndice de Precios al Consumidor se ubic\u00f3 en torno al 7%.<\/p>\n<p>De concretarse las proyecciones, se tratar\u00eda del dato m\u00e1s alto desde agosto del a\u00f1o pasado, cuando seg\u00fan el INDEC la inflaci\u00f3n fue del 7%. El rubro alimentos, en tanto, se habr\u00eda desacelerado con relaci\u00f3n al mes previo, aunque sigue creciendo con fuerza.<\/p>\n<p>Por caso, el IPC GBA que mide la consultora Ecolatina trep\u00f3 7,4% en marzo, acumulando un alza del 107,5% anual y \u201cconsolidando la aceleraci\u00f3n verificada en el primer bimestre\u201d. En febrero, este indicador hab\u00eda registrado una suba del 6,6%, en l\u00ednea con lo difundido por el INDEC.<\/p>\n<p>\u201cAs\u00ed, acumul\u00f3 un alza del 21,8% en el primer trimestre del a\u00f1o, frente al 14,9% que acumulaba hasta marzo el a\u00f1o pasado. Nuestro IPC Core no controlado subi\u00f3 en l\u00ednea con el promedio, mientras que la medici\u00f3n m\u00e1s asociada el consumo masivo marc\u00f3 un aumento del 6,2%\u201d, explicaron desde la firma.<\/p>\n<p>El aumento estuvo impulsado por las categor\u00edas de Educaci\u00f3n e Indumentaria, sumado a diversos aumentos puntuales en regulados (colegios privados; prepagas; transporte; combustibles; tarifas de agua y gas; TV, cable e internet; servicio dom\u00e9stico). \u201cPor motivos estacionales, marzo tiende a ser un mes con inflaci\u00f3n mensual m\u00e1s elevada que el promedio mensual del resto del a\u00f1o, donde suelen incidir los mayores aumentos en Indumentaria \u2013por el cambio de estaci\u00f3n- y Educaci\u00f3n -por el inicio de clases-\u201d, explicaron desde Ecolatina.<\/p>\n<p>Por su parte, desde la consultora C&amp;T registraron un incremento del 7% para el IPC que relevan en el GBA, \u201clo que implica una nueva aceleraci\u00f3n del ritmo de aumento de los precios\u201d (en febrero, seg\u00fan esta firma, la suba hab\u00eda sido del 6,2%).<\/p>\n<p>\u201cAs\u00ed, la tasa de inflaci\u00f3n fue la m\u00e1s alta de los \u00faltimos 7 meses y super\u00f3 tambi\u00e9n el pico de marzo 2022. De esta forma, la variaci\u00f3n de doce meses sigui\u00f3 subiendo, y alcanz\u00f3 un 107,7% para el IPC C&amp;T\u201d, explicaron desde la consultora, y aclararon: \u201cSi el IPC del INDEC arrojara 7%, la inflaci\u00f3n oficial rondar\u00e1 el 102,9% a nivel nacional\u201d.<\/p>\n<p>De acuerdo a este relevamiento, \u201cEducaci\u00f3n lider\u00f3 las subas en marzo, con un incremento de 14,9%, reflejando la suba de cuotas as\u00ed como los costos de \u00fatiles, libros y materiales de educaci\u00f3n, en tanto que la indumentaria aument\u00f3 m\u00e1s de 7%\u201d. \u201cVarios rubros relevantes tuvieron alzas de m\u00e1s de 7% en marzo, como otros bienes y servicios, por el alza de los cigarrillos\u201d, agregaron.<\/p>\n<p>\u201cPara el mes de abril estimamos una inflaci\u00f3n rondando el 6%, como resultado de aumentos precios regulados y tarifas (luz, colectivos, servicio dom\u00e9stico, prepagas, colegios) y la din\u00e1mica esperada para el resto de los rubros\u201d, resaltaron desde C&amp;T.<\/p>\n<p>Tambi\u00e9n se aceler\u00f3 considerablemente el IPC que mide la Fundaci\u00f3n Libertad y Progreso, que tuvo una suba en marzo del 7,3% (hab\u00eda registrado un incremento de 5,7% en febrero). \u201cLa aceleraci\u00f3n inflacionaria en el mes de marzo era algo que se ven\u00eda anticipando. Sin embargo, volver a quebrar la barrera del 7% de inflaci\u00f3n mensual es un nuevo golpe sobre los salarios en t\u00e9rminos generales, pero especialmente para los trabajadores del sector informal. Recordemos que en 2022 la inflaci\u00f3n fue 94,8% y los salarios privados no registrados aumentaron 65,4%\u201d, explic\u00f3 Eugenio Mar\u00ed, economista jefe de Libertad y Progreso.<\/p>\n<p>&nbsp;<\/p>\n<p><strong>Inflaci\u00f3n en alimentos<\/strong><\/p>\n<p>Si bien se estima que la inflaci\u00f3n general se aceler\u00f3 en marzo con respecto a febrero, en el caso de los alimentos la tendencia es la opuesta, aunque sigue en n\u00fameros elevados.<\/p>\n<p>\u201cAlimentos y bebidas desaceler\u00f3 su ritmo de aumento a un 6,7% mensual, desde un 10,6% en febrero, donde jug\u00f3 a favor una moderaci\u00f3n (a\u00fan en niveles elevados) en la carne vacuna (+15%), verduras (-4,5%) y frutas (+6,1%). En sentido contrario, la carne aviar (+10,5%), los huevos (+24,2%) y los l\u00e1cteos jugaron en contra. Con todo, en los \u00faltimos 12 meses el rubro muestra un alza del 111%\u201d, explicaron desde Ecolatina.<\/p>\n<p>En tanto, en la medici\u00f3n de C&amp;T, los alimentos y bebidas subieron 7,7% en marzo, \u201clo que implica una moderaci\u00f3n despu\u00e9s de casi 10% en febrero, pero significa un elevado ritmo\u201d. \u201cLa carne moder\u00f3 la suba especialmente en las \u00faltimas semanas, aunque promedi\u00f3 una suba de 9% en el mes. Aceites, panificados y bebidas mostraron una desaceleraci\u00f3n mensual, mientras que l\u00e1cteos, frutas y especialmente verduras aceleraron la suba\u201d, explicaron.<\/p>\n","protected":false},"excerpt":{"rendered":"<p>De acuerdo a los relevamientos privados, la inflaci\u00f3n del mes pasado se acerc\u00f3 al 7%. Desaceler\u00f3 el rubro alimentos &nbsp; &nbsp; Luego del salto al 6,6% en febrero, la inflaci\u00f3n se volvi\u00f3 a acelerar durante marzo. As\u00ed, al menos, lo estimaron distintos relevamientos de consultoras privadas que adelantaron que la variaci\u00f3n del \u00cdndice de Precios al Consumidor se ubic\u00f3 en torno al 7%. De concretarse las proyecciones, se tratar\u00eda del dato m\u00e1s alto desde agosto del a\u00f1o pasado, cuando seg\u00fan el INDEC la inflaci\u00f3n fue del 7%. El rubro alimentos,&#8230;<\/p>\n","protected":false},"author":3,"featured_media":94813,"comment_status":"closed","ping_status":"closed","sticky":false,"template":"","format":"standard","meta":[],"categories":[2],"tags":[],"_links":{"self":[{"href":"https:\/\/www.actualidadadiario.com\/index.php\/wp-json\/wp\/v2\/posts\/99863"}],"collection":[{"href":"https:\/\/www.actualidadadiario.com\/index.php\/wp-json\/wp\/v2\/posts"}],"about":[{"href":"https:\/\/www.actualidadadiario.com\/index.php\/wp-json\/wp\/v2\/types\/post"}],"author":[{"embeddable":true,"href":"https:\/\/www.actualidadadiario.com\/index.php\/wp-json\/wp\/v2\/users\/3"}],"replies":[{"embeddable":true,"href":"https:\/\/www.actualidadadiario.com\/index.php\/wp-json\/wp\/v2\/comments?post=99863"}],"version-history":[{"count":1,"href":"https:\/\/www.actualidadadiario.com\/index.php\/wp-json\/wp\/v2\/posts\/99863\/revisions"}],"predecessor-version":[{"id":99864,"href":"https:\/\/www.actualidadadiario.com\/index.php\/wp-json\/wp\/v2\/posts\/99863\/revisions\/99864"}],"wp:featuredmedia":[{"embeddable":true,"href":"https:\/\/www.actualidadadiario.com\/index.php\/wp-json\/wp\/v2\/media\/94813"}],"wp:attachment":[{"href":"https:\/\/www.actualidadadiario.com\/index.php\/wp-json\/wp\/v2\/media?parent=99863"}],"wp:term":[{"taxonomy":"category","embeddable":true,"href":"https:\/\/www.actualidadadiario.com\/index.php\/wp-json\/wp\/v2\/categories?post=99863"},{"taxonomy":"post_tag","embeddable":true,"href":"https:\/\/www.actualidadadiario.com\/index.php\/wp-json\/wp\/v2\/tags?post=99863"}],"curies":[{"name":"wp","href":"https:\/\/api.w.org\/{rel}","templated":true}]}}