{"id":99861,"date":"2023-04-03T13:23:15","date_gmt":"2023-04-03T16:23:15","guid":{"rendered":"https:\/\/www.actualidadadiario.com\/?p=99861"},"modified":"2023-04-03T13:23:15","modified_gmt":"2023-04-03T16:23:15","slug":"nueva-inscripcion-a-becas-progresar-2023-requisitos-fecha-limite-y-como-anotarse-hoy","status":"publish","type":"post","link":"https:\/\/www.actualidadadiario.com\/index.php\/2023\/04\/03\/nueva-inscripcion-a-becas-progresar-2023-requisitos-fecha-limite-y-como-anotarse-hoy\/","title":{"rendered":"Nueva inscripci\u00f3n a Becas Progresar 2023: requisitos, fecha l\u00edmite y c\u00f3mo anotarse hoy"},"content":{"rendered":"<p style=\"text-align: center;\"><em><strong>El Ministerio de Educaci\u00f3n sigue con la inscripci\u00f3n a Becas Progresar. Estudiantes podr\u00e1n cobrar $9.000 por mes a trav\u00e9s de Anses. \u00bfQui\u00e9nes pueden anotarse?<\/strong><\/em><\/p>\n<p>&nbsp;<\/p>\n<p>&nbsp;<\/p>\n<p>&nbsp;<\/p>\n<p>El Ministerio de Educaci\u00f3n y la Administraci\u00f3n Nacional de la Seguridad Social (Anses) renovaron la inscripci\u00f3n a las Becas Progresar 2023, que alcanza a estudiantes de todos los niveles.<\/p>\n<p>La inscripci\u00f3n a Progresar 2023 deb\u00eda terminar el viernes 31 de marzo, pero la Anses inform\u00f3 una nueva fecha l\u00edmite para anotarse al programa.<\/p>\n<p>En paralelo, el organismo previsional que dirige Fernanda Raverta empez\u00f3 con el calendario de pagos de abril 2023 que incluye el pago de un bono por Refuerzo de Ingresos y un plus para la Asignaci\u00f3n Universal por Hijo (AUH).<\/p>\n<p>&nbsp;<\/p>\n<p><strong>Becas Progresar 2023<\/strong><\/p>\n<p>Las Becas Progresar del Ministerio de Educaci\u00f3n alcanzan a estudiantes de todos los niveles, para apoyar la continuidad y la finalizaci\u00f3n de sus estudios.<\/p>\n<p>&nbsp;<\/p>\n<p><strong>Las l\u00edneas de becas vigentes con inscripci\u00f3n son: <\/strong><\/p>\n<ul>\n<li><strong>Progresar Obligatorio (incluye Progresar 16 y 17 a\u00f1os):<\/strong> para estudiantes del nivel primario y secundario.<\/li>\n<li><strong>Progresar Superior:<\/strong> para estudiantes que cursen carreras en el nivel superior terciario o universitario.<\/li>\n<li><strong>Progresar Enfermer\u00eda:<\/strong> para estudiantes del nivel superior que est\u00e9n cursando la carrera de Enfermer\u00eda.<\/li>\n<li><strong>Progresar Trabajo:<\/strong> para personas que realicen cursos de formaci\u00f3n profesional.<\/li>\n<\/ul>\n<p>&nbsp;<\/p>\n<p><strong>Monto de Becas Progresar 2023<\/strong><\/p>\n<p>Todas las l\u00edneas de Becas Progresar tienen un monto de $9.000 mensual, a excepci\u00f3n de la l\u00ednea Progresar Enfermer\u00eda, que puede alcanzar los $10.700.<\/p>\n<p>&nbsp;<\/p>\n<p><strong>Becas Progresar 2023 inscripci\u00f3n<\/strong><\/p>\n<p>La inscripci\u00f3n a Becas Progresar est\u00e1 disponible en https:\/\/www.argentina.gob.ar\/educacion\/progresar<\/p>\n<p>&nbsp;<\/p>\n<p><strong>Los pasos para anotarse hoy son:<\/strong><\/p>\n<ol>\n<li>En \u201cDatos personales\u201d, complet\u00e1 tu informaci\u00f3n y hac\u00e9 click en \u201cactualizar datos\u201d.<\/li>\n<li>A continuaci\u00f3n hac\u00e9 click en \u201c2. Encuesta\u201d, presion\u00e1 el logo \u201cEncuesta\u201d, complet\u00e1 tu informaci\u00f3n y hac\u00e9 click en \u201cFinaliz\u00e1 la encuesta\u201d.<\/li>\n<li>Por \u00faltimo, en \u201c3. Datos Acad\u00e9micos\u201d, Eleg\u00ed tu l\u00ednea de beca correspondiente, complet\u00e1 el Formulario y hac\u00e9 click en \u201cfinaliz\u00e1 la inscripci\u00f3n\u201d.<\/li>\n<\/ol>\n","protected":false},"excerpt":{"rendered":"<p>El Ministerio de Educaci\u00f3n sigue con la inscripci\u00f3n a Becas Progresar. Estudiantes podr\u00e1n cobrar $9.000 por mes a trav\u00e9s de Anses. \u00bfQui\u00e9nes pueden anotarse? &nbsp; &nbsp; &nbsp; El Ministerio de Educaci\u00f3n y la Administraci\u00f3n Nacional de la Seguridad Social (Anses) renovaron la inscripci\u00f3n a las Becas Progresar 2023, que alcanza a estudiantes de todos los niveles. La inscripci\u00f3n a Progresar 2023 deb\u00eda terminar el viernes 31 de marzo, pero la Anses inform\u00f3 una nueva fecha l\u00edmite para anotarse al programa. En paralelo, el organismo previsional que dirige Fernanda Raverta empez\u00f3&#8230;<\/p>\n","protected":false},"author":3,"featured_media":92521,"comment_status":"closed","ping_status":"closed","sticky":false,"template":"","format":"standard","meta":[],"categories":[2],"tags":[],"_links":{"self":[{"href":"https:\/\/www.actualidadadiario.com\/index.php\/wp-json\/wp\/v2\/posts\/99861"}],"collection":[{"href":"https:\/\/www.actualidadadiario.com\/index.php\/wp-json\/wp\/v2\/posts"}],"about":[{"href":"https:\/\/www.actualidadadiario.com\/index.php\/wp-json\/wp\/v2\/types\/post"}],"author":[{"embeddable":true,"href":"https:\/\/www.actualidadadiario.com\/index.php\/wp-json\/wp\/v2\/users\/3"}],"replies":[{"embeddable":true,"href":"https:\/\/www.actualidadadiario.com\/index.php\/wp-json\/wp\/v2\/comments?post=99861"}],"version-history":[{"count":1,"href":"https:\/\/www.actualidadadiario.com\/index.php\/wp-json\/wp\/v2\/posts\/99861\/revisions"}],"predecessor-version":[{"id":99862,"href":"https:\/\/www.actualidadadiario.com\/index.php\/wp-json\/wp\/v2\/posts\/99861\/revisions\/99862"}],"wp:featuredmedia":[{"embeddable":true,"href":"https:\/\/www.actualidadadiario.com\/index.php\/wp-json\/wp\/v2\/media\/92521"}],"wp:attachment":[{"href":"https:\/\/www.actualidadadiario.com\/index.php\/wp-json\/wp\/v2\/media?parent=99861"}],"wp:term":[{"taxonomy":"category","embeddable":true,"href":"https:\/\/www.actualidadadiario.com\/index.php\/wp-json\/wp\/v2\/categories?post=99861"},{"taxonomy":"post_tag","embeddable":true,"href":"https:\/\/www.actualidadadiario.com\/index.php\/wp-json\/wp\/v2\/tags?post=99861"}],"curies":[{"name":"wp","href":"https:\/\/api.w.org\/{rel}","templated":true}]}}