{"id":99847,"date":"2023-04-03T13:08:40","date_gmt":"2023-04-03T16:08:40","guid":{"rendered":"https:\/\/www.actualidadadiario.com\/?p=99847"},"modified":"2023-04-03T13:08:40","modified_gmt":"2023-04-03T16:08:40","slug":"este-martes-el-senado-trata-en-comision-la-creacion-de-mas-de-52-mil-horas-catedra","status":"publish","type":"post","link":"https:\/\/www.actualidadadiario.com\/index.php\/2023\/04\/03\/este-martes-el-senado-trata-en-comision-la-creacion-de-mas-de-52-mil-horas-catedra\/","title":{"rendered":"Este martes el Senado trata en comisi\u00f3n la creaci\u00f3n de m\u00e1s de 52 mil horas c\u00e1tedra"},"content":{"rendered":"<p style=\"text-align: center;\"><em><strong>La Comisi\u00f3n de Educaci\u00f3n y la de Presupuesto se reunir\u00e1n este martes para seguir trabajando en el proyecto que dispone la creaci\u00f3n de 52853 horas c\u00e1tedra en el \u00e1mbito del Consejo General de Educaci\u00f3n. M\u00e1s de 28 mil ser\u00e1n para el nivel secundario<\/strong><\/em><\/p>\n<p>&nbsp;<\/p>\n<p>&nbsp;<\/p>\n<p>El encuentro de las comisiones que encabezan la senadora Ester Gonz\u00e1lez y su par Amilcar Genre Bert ser\u00e1 a partir de las 9 para seguir trabajando en torno a un proyecto del Poder Ejecutivo para crear 52.853 horas c\u00e1tedra.<\/p>\n<p>Seg\u00fan se precisa en el proyecto, se trata de 15.395 horas para la Direcci\u00f3n de Educaci\u00f3n Primaria Direcci\u00f3n de Educaci\u00f3n, para la Secundaria 28.692, para la Direcci\u00f3n de J\u00f3venes y Adultos 5.392 horas y para la Direcci\u00f3n de Educaci\u00f3n T\u00e9cnico Profesional 3374 horas.<\/p>\n<p>\u201cEs objetivo primordial del Consejo General de Educaci\u00f3n es mejorar y fortalecer la calidad y cantidad de la Educaci\u00f3n Entrerriana, para permitir que todos los adolescentes y j\u00f3venes de la Provincia accedan a realizar sus estudios\u201d, dice el texto que acompa\u00f1a la iniciativa.<\/p>\n<p>Tambi\u00e9n se se\u00f1ala que \u201cdicho pedido se fundamenta en un an\u00e1lisis y estudio con las Direcciones de Nivel y Modalidades del Consejo General de Educaci\u00f3n que tuvo por objetivo identificar puntualmente el incremento de horas desde la \u00faltima Ley de Presupuesto del a\u00f1o 2013 y que cuyas demandas responden a diferentes variables como el aumento de la densidad poblacional en las distintas ciudades entrerrianas, que implic\u00f3 la apertura de nuevas escuelas; por otro lado la deserci\u00f3n escolar que conlleva vincular nuevas estrategias en los informes presentados por cada una\u201d.<\/p>\n","protected":false},"excerpt":{"rendered":"<p>La Comisi\u00f3n de Educaci\u00f3n y la de Presupuesto se reunir\u00e1n este martes para seguir trabajando en el proyecto que dispone la creaci\u00f3n de 52853 horas c\u00e1tedra en el \u00e1mbito del Consejo General de Educaci\u00f3n. M\u00e1s de 28 mil ser\u00e1n para el nivel secundario &nbsp; &nbsp; El encuentro de las comisiones que encabezan la senadora Ester Gonz\u00e1lez y su par Amilcar Genre Bert ser\u00e1 a partir de las 9 para seguir trabajando en torno a un proyecto del Poder Ejecutivo para crear 52.853 horas c\u00e1tedra. Seg\u00fan se precisa en el proyecto,&#8230;<\/p>\n","protected":false},"author":3,"featured_media":89929,"comment_status":"closed","ping_status":"closed","sticky":false,"template":"","format":"standard","meta":[],"categories":[15],"tags":[],"_links":{"self":[{"href":"https:\/\/www.actualidadadiario.com\/index.php\/wp-json\/wp\/v2\/posts\/99847"}],"collection":[{"href":"https:\/\/www.actualidadadiario.com\/index.php\/wp-json\/wp\/v2\/posts"}],"about":[{"href":"https:\/\/www.actualidadadiario.com\/index.php\/wp-json\/wp\/v2\/types\/post"}],"author":[{"embeddable":true,"href":"https:\/\/www.actualidadadiario.com\/index.php\/wp-json\/wp\/v2\/users\/3"}],"replies":[{"embeddable":true,"href":"https:\/\/www.actualidadadiario.com\/index.php\/wp-json\/wp\/v2\/comments?post=99847"}],"version-history":[{"count":1,"href":"https:\/\/www.actualidadadiario.com\/index.php\/wp-json\/wp\/v2\/posts\/99847\/revisions"}],"predecessor-version":[{"id":99848,"href":"https:\/\/www.actualidadadiario.com\/index.php\/wp-json\/wp\/v2\/posts\/99847\/revisions\/99848"}],"wp:featuredmedia":[{"embeddable":true,"href":"https:\/\/www.actualidadadiario.com\/index.php\/wp-json\/wp\/v2\/media\/89929"}],"wp:attachment":[{"href":"https:\/\/www.actualidadadiario.com\/index.php\/wp-json\/wp\/v2\/media?parent=99847"}],"wp:term":[{"taxonomy":"category","embeddable":true,"href":"https:\/\/www.actualidadadiario.com\/index.php\/wp-json\/wp\/v2\/categories?post=99847"},{"taxonomy":"post_tag","embeddable":true,"href":"https:\/\/www.actualidadadiario.com\/index.php\/wp-json\/wp\/v2\/tags?post=99847"}],"curies":[{"name":"wp","href":"https:\/\/api.w.org\/{rel}","templated":true}]}}