{"id":99801,"date":"2023-03-31T15:27:34","date_gmt":"2023-03-31T18:27:34","guid":{"rendered":"https:\/\/www.actualidadadiario.com\/?p=99801"},"modified":"2023-03-31T15:27:34","modified_gmt":"2023-03-31T18:27:34","slug":"con-una-nueva-citacion-a-garavano-diputados-retoma-las-audiencias-el-11-de-abril","status":"publish","type":"post","link":"https:\/\/www.actualidadadiario.com\/index.php\/2023\/03\/31\/con-una-nueva-citacion-a-garavano-diputados-retoma-las-audiencias-el-11-de-abril\/","title":{"rendered":"Con una nueva citaci\u00f3n a Garavano, Diputados retoma las audiencias el 11 de abril"},"content":{"rendered":"<p style=\"text-align: center;\"><em><strong>El exministro de Justicia hab\u00eda sido citado a declarar como testigo la semana pasada, pero envi\u00f3 una nota donde anunci\u00f3 la &#8220;imposibilidad de concurrir&#8221; y pidi\u00f3 reprogramar la audiencia, por lo que fue convocado para el pr\u00f3ximo 11 de abril<\/strong><\/em><\/p>\n<p>&nbsp;<\/p>\n<p>&nbsp;<\/p>\n<p>La comisi\u00f3n de Juicio Pol\u00edtico de la C\u00e1mara retomar\u00e1 el pr\u00f3ximo martes 11 de abril sus audiencias con una nueva convocatoria al exministro de Justicia Germ\u00e1n Garavano, quien no asisti\u00f3 a la \u00faltima reuni\u00f3n de ese cuerpo, en el marco del proceso de juicio pol\u00edtico a los integrantes de la Corte Suprema.<\/p>\n<p>La presidenta de la comisi\u00f3n Carolina Gaillard (Frente de Todos-Entre R\u00edos) convoc\u00f3 tras los feriados de Semana Santa a una nueva audiencia de ese cuerpo, en la que cit\u00f3 adem\u00e1s de Garavano a los periodistas Irina Hauser, Luciana Bertoia, Mart\u00edn Granovsky, Silvana Boschi e Ignacio Miri.<\/p>\n<p>La convocatoria a los periodistas fue propuesta por el FDT para que ratifiquen lo expresado en art\u00edculos period\u00edsticos sobre la secuencia que precedi\u00f3 al &#8220;fallo Mui\u00f1a&#8221; (2&#215;1) de la Corte, con el aval de tres de los cinco magistrados que en ese momento integraban el m\u00e1ximo tribunal.<\/p>\n<p>&nbsp;<\/p>\n<p><strong>Quinta reuni\u00f3n testimonial <\/strong><\/p>\n<p>Se trata de la quinta reuni\u00f3n testimonial de la comisi\u00f3n que analiza la conducta de los jueces Horacio Rosatti, Carlos Rozenkrantz, Juan Carlos Maqueda y Ricardo Lorenzetti.<\/p>\n<p>Garavano hab\u00eda sido citado a declarar como testigo la semana pasada pero envi\u00f3 una nota donde anunci\u00f3 la &#8220;imposibilidad de concurrir&#8221; pidi\u00f3 reprogramar la audiencia, al igual que el exviceministro de Justicia, Santiago Otamendi.<\/p>\n<p>En cuanto al exasesor macrista, Fabi\u00e1n &#8220;Pep\u00edn&#8221; Rodr\u00edguez Sim\u00f3n, tambi\u00e9n citado por la comisi\u00f3n, envi\u00f3 una nota en la que expres\u00f3 la situaci\u00f3n particular por las cuales est\u00e1 en Uruguay, donde se encuentra pr\u00f3fugo, y en la que afirm\u00f3 que &#8220;no tiene nada para aportar en la causa&#8221;.<\/p>\n<p>Tampoco asisti\u00f3 el senador del PRO Jos\u00e9 Torello, exjefe de asesores de Presidencia, que elev\u00f3 un escrito a la comisi\u00f3n en la que dijo que &#8220;la C\u00e1mara de Diputados carece de competencia para citarme a ser interrogado en raz\u00f3n de mi condici\u00f3n de Senador de la Naci\u00f3n, por lo que hago saber a la se\u00f1ora presidente (Carolina Gaillard) que no avalo ni admito interrogatorio alguno que menoscaben la inmunidad que protegen la funci\u00f3n que ejerzo por mandato popular&#8221;.<\/p>\n<p>En la \u00faltima reuni\u00f3n de la comisi\u00f3n, expusieron la exenfermera Gladys Cuervo, v\u00edctima de la dictadura en el Hospital Posadas, quien sostuvo que el fallo del &#8220;2&#215;1&#8221; que benefici\u00f3 a uno de sus represores, Luis Mui\u00f1a, dictado en 2017 por la Corte Suprema, fue &#8220;una amnist\u00eda encubierta&#8221; y consider\u00f3 que se trat\u00f3 de una decisi\u00f3n &#8220;del partido judicial que vino a continuar con la obra del partido militar&#8221;.<\/p>\n<p>Las preguntas formuladas por diputados del FDT, encabezados por Tailhade y Hugo Yasky, fueron cuestionadas por legisladores de JXC, que acusaron al oficialismo de &#8220;hostigar y revictimizar&#8221; a los testigos que comparecen ante la comisi\u00f3n.<\/p>\n<p>Otro de los testimonios fue el de Zulema Chester, hija de Jacobo Chester, secuestrado y torturado por Mui\u00f1a, que afirm\u00f3 que &#8220;la Corte Suprema quiso en la figura de \u00e9l, nunca entend\u00ed por qu\u00e9, lo hayan elegido para estar en el 2 x1, que nos cay\u00f3 muy mal&#8221;.<\/p>\n<p>En tanto, una de las exposiciones m\u00e1s extensas de esa jornada fue la del secretario letrado de la vocal\u00eda del juez de la Corte Carlos Rozenkrantz, Federico Morgenstern, quien reconoci\u00f3 que mantuvo reuniones con la exministra del tribunal Elena Highton en torno al &#8216;fallo Mui\u00f1a&#8221;, aunque aclar\u00f3 que &#8220;fueron exclusivamente sobre temas jur\u00eddicos&#8221;.<\/p>\n<p>&#8220;Recuerdo lo alocado que me pareci\u00f3 el surgimiento de esa tesis en aquel momento&#8221;, se\u00f1al\u00f3 Morgenstern, que mantuvo un singular intercambio con los diputados, en los que por momentos cambi\u00f3 de rol y realiz\u00f3 preguntas a los legisladores o coment\u00f3 an\u00e9cdotas de su vida personal.<\/p>\n<p>En el marco del proceso, las autoridades de la comisi\u00f3n de Juicio Pol\u00edtico pidieron al Procurador General interino, Eduardo Casal, que se tomen las &#8220;medidas disciplinarias correspondientes&#8221; contra el fiscal federal Carlos Stornelli, ante la renuencia del funcionario a concurrir a dar testimonio ante el organismo parlamentario, que lo cit\u00f3 en dos oportunidades.<\/p>\n","protected":false},"excerpt":{"rendered":"<p>El exministro de Justicia hab\u00eda sido citado a declarar como testigo la semana pasada, pero envi\u00f3 una nota donde anunci\u00f3 la &#8220;imposibilidad de concurrir&#8221; y pidi\u00f3 reprogramar la audiencia, por lo que fue convocado para el pr\u00f3ximo 11 de abril &nbsp; &nbsp; La comisi\u00f3n de Juicio Pol\u00edtico de la C\u00e1mara retomar\u00e1 el pr\u00f3ximo martes 11 de abril sus audiencias con una nueva convocatoria al exministro de Justicia Germ\u00e1n Garavano, quien no asisti\u00f3 a la \u00faltima reuni\u00f3n de ese cuerpo, en el marco del proceso de juicio pol\u00edtico a los integrantes&#8230;<\/p>\n","protected":false},"author":3,"featured_media":47945,"comment_status":"closed","ping_status":"closed","sticky":false,"template":"","format":"standard","meta":[],"categories":[18],"tags":[],"_links":{"self":[{"href":"https:\/\/www.actualidadadiario.com\/index.php\/wp-json\/wp\/v2\/posts\/99801"}],"collection":[{"href":"https:\/\/www.actualidadadiario.com\/index.php\/wp-json\/wp\/v2\/posts"}],"about":[{"href":"https:\/\/www.actualidadadiario.com\/index.php\/wp-json\/wp\/v2\/types\/post"}],"author":[{"embeddable":true,"href":"https:\/\/www.actualidadadiario.com\/index.php\/wp-json\/wp\/v2\/users\/3"}],"replies":[{"embeddable":true,"href":"https:\/\/www.actualidadadiario.com\/index.php\/wp-json\/wp\/v2\/comments?post=99801"}],"version-history":[{"count":1,"href":"https:\/\/www.actualidadadiario.com\/index.php\/wp-json\/wp\/v2\/posts\/99801\/revisions"}],"predecessor-version":[{"id":99802,"href":"https:\/\/www.actualidadadiario.com\/index.php\/wp-json\/wp\/v2\/posts\/99801\/revisions\/99802"}],"wp:featuredmedia":[{"embeddable":true,"href":"https:\/\/www.actualidadadiario.com\/index.php\/wp-json\/wp\/v2\/media\/47945"}],"wp:attachment":[{"href":"https:\/\/www.actualidadadiario.com\/index.php\/wp-json\/wp\/v2\/media?parent=99801"}],"wp:term":[{"taxonomy":"category","embeddable":true,"href":"https:\/\/www.actualidadadiario.com\/index.php\/wp-json\/wp\/v2\/categories?post=99801"},{"taxonomy":"post_tag","embeddable":true,"href":"https:\/\/www.actualidadadiario.com\/index.php\/wp-json\/wp\/v2\/tags?post=99801"}],"curies":[{"name":"wp","href":"https:\/\/api.w.org\/{rel}","templated":true}]}}