{"id":99794,"date":"2023-03-31T15:25:23","date_gmt":"2023-03-31T18:25:23","guid":{"rendered":"https:\/\/www.actualidadadiario.com\/?p=99794"},"modified":"2023-03-31T15:25:23","modified_gmt":"2023-03-31T18:25:23","slug":"la-corte-le-pagara-casi-153-millones-a-la-policia-federal-para-el-servicio-adicional-de-custodia","status":"publish","type":"post","link":"https:\/\/www.actualidadadiario.com\/index.php\/2023\/03\/31\/la-corte-le-pagara-casi-153-millones-a-la-policia-federal-para-el-servicio-adicional-de-custodia\/","title":{"rendered":"La Corte le pagar\u00e1 casi $153 millones a la Polic\u00eda Federal para el \u201cservicio adicional\u201d de custodia"},"content":{"rendered":"<p style=\"text-align: center;\"><em><strong>El dinero estar\u00e1 destinado a &#8220;custodia personal, de vocal\u00eda, de edificio, de personas y domiciliaria\u201d<\/strong><\/em><\/p>\n<p>&nbsp;<\/p>\n<p>&nbsp;<\/p>\n<p>La Corte Suprema aprob\u00f3 la contrataci\u00f3n del servicio de \u201cpolic\u00eda adicional\u201d con la Polic\u00eda Federal Argentina para 2023 por un total de casi 153 millones de pesos para la custodia de magistrados, funcionarios y edificios.<\/p>\n<p>Mediante la Resoluci\u00f3n 512, el m\u00e1ximo tribunal dispuso \u201cla contrataci\u00f3n del servicio de polic\u00eda adicional para el ejercicio 2023 con destino a la Corte Suprema de Justicia de la Naci\u00f3n\u201d por un monto total de 152.847.752,20 pesos.<\/p>\n<p>La Subdirecci\u00f3n de Seguridad del Tribunal estableci\u00f3, para ello, \u201clas prestaciones que ser\u00e1n necesarias renovar dentro del r\u00e9gimen de Polic\u00eda Adicional bajo las modalidades de Custodia Personal, de Vocal\u00eda, de Edificio, de Personas y Domiciliaria\u201d.<\/p>\n<p>A ello se sumar\u00e1 la \u201cprevenci\u00f3n de Incendios para el edificio del Palacio de Justicia con alcance a la Secretar\u00eda Electoral y para la sede del Cuerpo de Peritos Contadores, Tasadores y Cal\u00edgrafos; y Fiscalizaci\u00f3n de los Mismos\u201d.<\/p>\n<p>El c\u00e1lculo del monto del presupuesto judicial destinado a \u201cpolic\u00eda adicional\u201d fue realizado sobre la base de una resoluci\u00f3n del Ministerio de Seguridad de la Naci\u00f3n, que estableci\u00f3 \u201cel valor del servicio de polic\u00eda adicional en la suma de 2.973,20 pesos por m\u00f3dulo de servicio continuo a partir del 1\u00b0 de enero de 2023\u201d.<\/p>\n","protected":false},"excerpt":{"rendered":"<p>El dinero estar\u00e1 destinado a &#8220;custodia personal, de vocal\u00eda, de edificio, de personas y domiciliaria\u201d &nbsp; &nbsp; La Corte Suprema aprob\u00f3 la contrataci\u00f3n del servicio de \u201cpolic\u00eda adicional\u201d con la Polic\u00eda Federal Argentina para 2023 por un total de casi 153 millones de pesos para la custodia de magistrados, funcionarios y edificios. Mediante la Resoluci\u00f3n 512, el m\u00e1ximo tribunal dispuso \u201cla contrataci\u00f3n del servicio de polic\u00eda adicional para el ejercicio 2023 con destino a la Corte Suprema de Justicia de la Naci\u00f3n\u201d por un monto total de 152.847.752,20 pesos. La&#8230;<\/p>\n","protected":false},"author":3,"featured_media":95795,"comment_status":"closed","ping_status":"closed","sticky":false,"template":"","format":"standard","meta":[],"categories":[18],"tags":[],"_links":{"self":[{"href":"https:\/\/www.actualidadadiario.com\/index.php\/wp-json\/wp\/v2\/posts\/99794"}],"collection":[{"href":"https:\/\/www.actualidadadiario.com\/index.php\/wp-json\/wp\/v2\/posts"}],"about":[{"href":"https:\/\/www.actualidadadiario.com\/index.php\/wp-json\/wp\/v2\/types\/post"}],"author":[{"embeddable":true,"href":"https:\/\/www.actualidadadiario.com\/index.php\/wp-json\/wp\/v2\/users\/3"}],"replies":[{"embeddable":true,"href":"https:\/\/www.actualidadadiario.com\/index.php\/wp-json\/wp\/v2\/comments?post=99794"}],"version-history":[{"count":1,"href":"https:\/\/www.actualidadadiario.com\/index.php\/wp-json\/wp\/v2\/posts\/99794\/revisions"}],"predecessor-version":[{"id":99795,"href":"https:\/\/www.actualidadadiario.com\/index.php\/wp-json\/wp\/v2\/posts\/99794\/revisions\/99795"}],"wp:featuredmedia":[{"embeddable":true,"href":"https:\/\/www.actualidadadiario.com\/index.php\/wp-json\/wp\/v2\/media\/95795"}],"wp:attachment":[{"href":"https:\/\/www.actualidadadiario.com\/index.php\/wp-json\/wp\/v2\/media?parent=99794"}],"wp:term":[{"taxonomy":"category","embeddable":true,"href":"https:\/\/www.actualidadadiario.com\/index.php\/wp-json\/wp\/v2\/categories?post=99794"},{"taxonomy":"post_tag","embeddable":true,"href":"https:\/\/www.actualidadadiario.com\/index.php\/wp-json\/wp\/v2\/tags?post=99794"}],"curies":[{"name":"wp","href":"https:\/\/api.w.org\/{rel}","templated":true}]}}