{"id":99790,"date":"2023-03-31T15:23:45","date_gmt":"2023-03-31T18:23:45","guid":{"rendered":"https:\/\/www.actualidadadiario.com\/?p=99790"},"modified":"2023-03-31T15:23:45","modified_gmt":"2023-03-31T18:23:45","slug":"tolosa-paz-tras-el-indice-de-pobreza-no-lo-negamos-nos-hacemos-responsables-y-trabajamos-todos-los-dias","status":"publish","type":"post","link":"https:\/\/www.actualidadadiario.com\/index.php\/2023\/03\/31\/tolosa-paz-tras-el-indice-de-pobreza-no-lo-negamos-nos-hacemos-responsables-y-trabajamos-todos-los-dias\/","title":{"rendered":"Tolosa Paz, tras el \u00edndice de pobreza: &#8220;No lo negamos, nos hacemos responsables y trabajamos todos los d\u00edas&#8221;"},"content":{"rendered":"<p style=\"text-align: center;\"><em><strong>La ministra de Desarrollo Social fue de las primeras en reconocer los alarmantes n\u00fameros al asegurar que \u201ctienen que ver claramente con el deterioro del ingreso&#8221;<\/strong><\/em><\/p>\n<p>&nbsp;<\/p>\n<p>&nbsp;<\/p>\n<p>La ministra de Desarrollo Social, Victoria Tolosa Paz, fue la primera funcionaria de Gobierno en admitir el incremento de la pobreza que afecta al 39,2% de las personas en la Argentina, seg\u00fan los datos difundidos por el INDEC. &#8220;No los negamos, nos hacemos responsables y trabajados todos los d\u00edas&#8221;, postul\u00f3 la funcionaria al respecto.<\/p>\n<p>\u201cLa pobreza nos duele y nos ocupa, por eso trabajamos todos los d\u00edas para combatirla\u201d, contin\u00fao Tolosa Paz al tiempo que expres\u00f3 que la administraci\u00f3n del Frente de Todos trabaja para &#8220;seguir de cerca el ritmo de los salarios y en el caso de los ingresos de las familias vulnerables, toda la bater\u00eda de pol\u00edticas p\u00fablicas para que nunca est\u00e9n por debajo de la inflaci\u00f3n\u201d.<\/p>\n<p>En la misma l\u00ednea, plante\u00f3 que los datos difundidos por el INDEC responden al deterioro de los salarios, y asegur\u00f3 que la Argentina mide la pobreza por ingreso, por eso, cada proceso inflacionario impacta sobre el indicador. Lo dijo en Entre R\u00edos, en el marco de una serie de actividades de trabajo que comparti\u00f3 junto al gobernador Gustavo Bordet y la vicegobernadora Mar\u00eda Laura Stratta.<\/p>\n<p>\u201cTenemos que estar atentos y monitorear para aumentar la Tarjeta Alimentar y seguir muy de cerca la Asignaci\u00f3n Universal por Hijo que aumenta dos veces por a\u00f1o por Ley, pero tambi\u00e9n necesitamos ir hacia una ley que nos d\u00e9 seguridad en la cobertura de la alimentaci\u00f3n con la Tarjeta Alimentar\u201d, plante\u00f3 como paliativo a la situaci\u00f3n.<\/p>\n<p>Asimismo, indic\u00f3 que desde el Ministerio de Desarrollo Social en conjunto con el de Econom\u00eda, conducido por Sergio Massa, trabajan para dar &#8220;una respuesta integral&#8221; ante los \u00edndices que preocupan, pero tambi\u00e9n &#8220;para terminar con la pobreza este pa\u00eds tiene que terminar de desarrollarse\u201d.<\/p>\n<p>&#8220;Tenemos que ser capaces de tener niveles de inclusi\u00f3n y fundamentalmente tenemos que ser quienes sigamos trabajando y bregando por erradicar el drama y el flagelo de la inflaci\u00f3n\u201d, afirm\u00f3 la funcionaria del entorno del presidente Alberto Fern\u00e1ndez.<\/p>\n<p>Por \u00faltimo, Tolosa Paz aunque admiti\u00f3 que los &#8220;n\u00fameros [de pobreza] duelen&#8221;, aunque aclar\u00f3 que &#8220;es cierto que el empleo en la Argentina sigue creciendo, con lo cual ya no basta con tener trabajo, sino que si no resolvemos la inflaci\u00f3n, el trabajo de por s\u00ed no es un habilitador a tener ingresos por arriba de la pobreza\u201d.\u200b<\/p>\n","protected":false},"excerpt":{"rendered":"<p>La ministra de Desarrollo Social fue de las primeras en reconocer los alarmantes n\u00fameros al asegurar que \u201ctienen que ver claramente con el deterioro del ingreso&#8221; &nbsp; &nbsp; La ministra de Desarrollo Social, Victoria Tolosa Paz, fue la primera funcionaria de Gobierno en admitir el incremento de la pobreza que afecta al 39,2% de las personas en la Argentina, seg\u00fan los datos difundidos por el INDEC. &#8220;No los negamos, nos hacemos responsables y trabajados todos los d\u00edas&#8221;, postul\u00f3 la funcionaria al respecto. \u201cLa pobreza nos duele y nos ocupa, por&#8230;<\/p>\n","protected":false},"author":3,"featured_media":55591,"comment_status":"closed","ping_status":"closed","sticky":false,"template":"","format":"standard","meta":[],"categories":[18],"tags":[],"_links":{"self":[{"href":"https:\/\/www.actualidadadiario.com\/index.php\/wp-json\/wp\/v2\/posts\/99790"}],"collection":[{"href":"https:\/\/www.actualidadadiario.com\/index.php\/wp-json\/wp\/v2\/posts"}],"about":[{"href":"https:\/\/www.actualidadadiario.com\/index.php\/wp-json\/wp\/v2\/types\/post"}],"author":[{"embeddable":true,"href":"https:\/\/www.actualidadadiario.com\/index.php\/wp-json\/wp\/v2\/users\/3"}],"replies":[{"embeddable":true,"href":"https:\/\/www.actualidadadiario.com\/index.php\/wp-json\/wp\/v2\/comments?post=99790"}],"version-history":[{"count":1,"href":"https:\/\/www.actualidadadiario.com\/index.php\/wp-json\/wp\/v2\/posts\/99790\/revisions"}],"predecessor-version":[{"id":99791,"href":"https:\/\/www.actualidadadiario.com\/index.php\/wp-json\/wp\/v2\/posts\/99790\/revisions\/99791"}],"wp:featuredmedia":[{"embeddable":true,"href":"https:\/\/www.actualidadadiario.com\/index.php\/wp-json\/wp\/v2\/media\/55591"}],"wp:attachment":[{"href":"https:\/\/www.actualidadadiario.com\/index.php\/wp-json\/wp\/v2\/media?parent=99790"}],"wp:term":[{"taxonomy":"category","embeddable":true,"href":"https:\/\/www.actualidadadiario.com\/index.php\/wp-json\/wp\/v2\/categories?post=99790"},{"taxonomy":"post_tag","embeddable":true,"href":"https:\/\/www.actualidadadiario.com\/index.php\/wp-json\/wp\/v2\/tags?post=99790"}],"curies":[{"name":"wp","href":"https:\/\/api.w.org\/{rel}","templated":true}]}}