{"id":99778,"date":"2023-03-31T15:19:53","date_gmt":"2023-03-31T18:19:53","guid":{"rendered":"https:\/\/www.actualidadadiario.com\/?p=99778"},"modified":"2023-03-31T15:19:53","modified_gmt":"2023-03-31T18:19:53","slug":"hoy-es-el-ultimo-dia-de-inscripcion-para-las-becas-progresar","status":"publish","type":"post","link":"https:\/\/www.actualidadadiario.com\/index.php\/2023\/03\/31\/hoy-es-el-ultimo-dia-de-inscripcion-para-las-becas-progresar\/","title":{"rendered":"Hoy es el \u00faltimo d\u00eda de inscripci\u00f3n para las Becas Progresar"},"content":{"rendered":"<p style=\"text-align: center;\"><em><strong>La ANSES record\u00f3 que este viernes 31 de marzo es el \u00faltimo d\u00eda de inscripci\u00f3n para obtener la Becas Progresar que ofrece una asignaci\u00f3n de dinero, seg\u00fan la categor\u00eda que corresponda<\/strong><\/em><\/p>\n<p>&nbsp;<\/p>\n<p>&nbsp;<\/p>\n<p>El Progresar para chicos de 16 y 17 a\u00f1os apunta a la finalizaci\u00f3n de sus estudios y ofrece un pago mensual de\u00a0 $9.000.<\/p>\n<p>Los requisitos son ser alumno regular, argentino nativo, naturalizado o extranjero con m\u00e1s de dos a\u00f1os de residencia, contar con DNI y que los ingresos del grupo familiar no superen tres salarios m\u00ednimos.<\/p>\n<p>Tambi\u00e9n se puede acceder al plan de Educaci\u00f3n Obligatoria para j\u00f3venes de entre 18 y 24 a\u00f1os cumplidos, personas con hijos menores de 18 a\u00f1os hasta los 35 a\u00f1os y personas trans, de pueblos ind\u00edgenas, con discapacidad o refugiadas, sin l\u00edmite de edad.<\/p>\n<p>En programa tambi\u00e9n contempla una etapa para Educaci\u00f3n Superior para completar carreras universitarias, terciarias o Progresar Enfermer\u00eda.<\/p>\n<p>Esta etapa est\u00e1 abierta para j\u00f3venes entre 18 y 24 a\u00f1os cumplidos, personas con hijas\/os menores de 18 a\u00f1os, hasta los 35 a\u00f1os, personas trans, de pueblos ind\u00edgenas, con discapacidad o refugiadas, sin l\u00edmite de edad, estudiantes avanzados en la carrera, hasta 30 a\u00f1os cumplidos, estudiantes de enfermer\u00eda sin l\u00edmite de edad.<\/p>\n","protected":false},"excerpt":{"rendered":"<p>La ANSES record\u00f3 que este viernes 31 de marzo es el \u00faltimo d\u00eda de inscripci\u00f3n para obtener la Becas Progresar que ofrece una asignaci\u00f3n de dinero, seg\u00fan la categor\u00eda que corresponda &nbsp; &nbsp; El Progresar para chicos de 16 y 17 a\u00f1os apunta a la finalizaci\u00f3n de sus estudios y ofrece un pago mensual de\u00a0 $9.000. Los requisitos son ser alumno regular, argentino nativo, naturalizado o extranjero con m\u00e1s de dos a\u00f1os de residencia, contar con DNI y que los ingresos del grupo familiar no superen tres salarios m\u00ednimos. Tambi\u00e9n&#8230;<\/p>\n","protected":false},"author":3,"featured_media":92521,"comment_status":"closed","ping_status":"closed","sticky":false,"template":"","format":"standard","meta":[],"categories":[2],"tags":[],"_links":{"self":[{"href":"https:\/\/www.actualidadadiario.com\/index.php\/wp-json\/wp\/v2\/posts\/99778"}],"collection":[{"href":"https:\/\/www.actualidadadiario.com\/index.php\/wp-json\/wp\/v2\/posts"}],"about":[{"href":"https:\/\/www.actualidadadiario.com\/index.php\/wp-json\/wp\/v2\/types\/post"}],"author":[{"embeddable":true,"href":"https:\/\/www.actualidadadiario.com\/index.php\/wp-json\/wp\/v2\/users\/3"}],"replies":[{"embeddable":true,"href":"https:\/\/www.actualidadadiario.com\/index.php\/wp-json\/wp\/v2\/comments?post=99778"}],"version-history":[{"count":1,"href":"https:\/\/www.actualidadadiario.com\/index.php\/wp-json\/wp\/v2\/posts\/99778\/revisions"}],"predecessor-version":[{"id":99779,"href":"https:\/\/www.actualidadadiario.com\/index.php\/wp-json\/wp\/v2\/posts\/99778\/revisions\/99779"}],"wp:featuredmedia":[{"embeddable":true,"href":"https:\/\/www.actualidadadiario.com\/index.php\/wp-json\/wp\/v2\/media\/92521"}],"wp:attachment":[{"href":"https:\/\/www.actualidadadiario.com\/index.php\/wp-json\/wp\/v2\/media?parent=99778"}],"wp:term":[{"taxonomy":"category","embeddable":true,"href":"https:\/\/www.actualidadadiario.com\/index.php\/wp-json\/wp\/v2\/categories?post=99778"},{"taxonomy":"post_tag","embeddable":true,"href":"https:\/\/www.actualidadadiario.com\/index.php\/wp-json\/wp\/v2\/tags?post=99778"}],"curies":[{"name":"wp","href":"https:\/\/api.w.org\/{rel}","templated":true}]}}