{"id":99767,"date":"2023-03-31T15:17:11","date_gmt":"2023-03-31T18:17:11","guid":{"rendered":"https:\/\/www.actualidadadiario.com\/?p=99767"},"modified":"2023-03-31T15:17:11","modified_gmt":"2023-03-31T18:17:11","slug":"la-pobreza-afecto-a-182-millones-de-personas-en-la-segunda-mitad-de-2022","status":"publish","type":"post","link":"https:\/\/www.actualidadadiario.com\/index.php\/2023\/03\/31\/la-pobreza-afecto-a-182-millones-de-personas-en-la-segunda-mitad-de-2022\/","title":{"rendered":"La pobreza afect\u00f3 a 18,2 millones de personas en la segunda mitad de 2022"},"content":{"rendered":"<p style=\"text-align: center;\"><em><strong>Indec inform\u00f3 que se trata del 39,2% de la poblaci\u00f3n argentina. Subi\u00f3 respecto del mismo per\u00edodo en 2021 y del primer semestre de 2022<\/strong><\/em><\/p>\n<p>&nbsp;<\/p>\n<p>&nbsp;<\/p>\n<p>El \u00edndice de pobreza alcanz\u00f3 al 39,2% de la poblaci\u00f3n econ\u00f3micamente activa al cierre del segundo semestre del pasado a\u00f1o, por encima del 37,3% de igual per\u00edodo del 2021, inform\u00f3 este jueves el Instituto Nacional de Estad\u00edstica y Censos (Indec).<\/p>\n<p>En tanto, el \u00edndice de indigencia, entendida esta como la porci\u00f3n de pobres cuyos ingresos no alcanzan para comprar la cantidad m\u00ednima de alimentos para subsistir, se ubic\u00f3 en 8,1% entre julio y septiembre del a\u00f1o pasado, frente al 8,8 % de igual per\u00edodo del 2021.<\/p>\n<p>En lo que respecta al primer semestre de 2022, cuando el \u00edndice de pobreza fue de 36,5%, el 39,2% del segundo semestre tambi\u00e9n fue mayor.<\/p>\n<p>&nbsp;<\/p>\n<p><strong>La indigencia, sin variantes<\/strong><\/p>\n<p>En tanto, el nivel de indigencia casi no registr\u00f3 variantes ya que en el segundo semestre termin\u00f3 en 8,1% contra el 8,2% del primer semestre.<\/p>\n<p>Con una poblaci\u00f3n estimada en 46,2 millones de habitantes, estas cifras implican que 18,1 millones de personas est\u00e1n por debajo de la l\u00ednea de la pobreza, y dentro de ellos 3,7 millones son indigentes.<\/p>\n<p>El Indec dio cuenta que la pobreza afecta m\u00e1s al grupo etario comprendido entre 30 y 64 a\u00f1os, con un nivel del 37,8%, y entre los reci\u00e9n nacidos y adolescentes de hasta 14 a\u00f1os, con el 31,7%.<\/p>\n<p>Algo similar ocurre con los indigentes, donde los mayores de entre 30 y 64 a\u00f1os explican el 36,7% de los comprendidos dentro del \u00edndice de pobreza.<\/p>\n<p>Este aumento en la tasa de pobreza se dio en medio de una inflaci\u00f3n del 94,8% en 2022, con un crecimiento del 5,1% de la econom\u00eda, y una tasa de desocupaci\u00f3n que baj\u00f3 del 7% a finales del 2021, al 6,3% en 2022.<\/p>\n","protected":false},"excerpt":{"rendered":"<p>Indec inform\u00f3 que se trata del 39,2% de la poblaci\u00f3n argentina. Subi\u00f3 respecto del mismo per\u00edodo en 2021 y del primer semestre de 2022 &nbsp; &nbsp; El \u00edndice de pobreza alcanz\u00f3 al 39,2% de la poblaci\u00f3n econ\u00f3micamente activa al cierre del segundo semestre del pasado a\u00f1o, por encima del 37,3% de igual per\u00edodo del 2021, inform\u00f3 este jueves el Instituto Nacional de Estad\u00edstica y Censos (Indec). En tanto, el \u00edndice de indigencia, entendida esta como la porci\u00f3n de pobres cuyos ingresos no alcanzan para comprar la cantidad m\u00ednima de alimentos&#8230;<\/p>\n","protected":false},"author":3,"featured_media":99768,"comment_status":"closed","ping_status":"closed","sticky":false,"template":"","format":"standard","meta":[],"categories":[9],"tags":[],"_links":{"self":[{"href":"https:\/\/www.actualidadadiario.com\/index.php\/wp-json\/wp\/v2\/posts\/99767"}],"collection":[{"href":"https:\/\/www.actualidadadiario.com\/index.php\/wp-json\/wp\/v2\/posts"}],"about":[{"href":"https:\/\/www.actualidadadiario.com\/index.php\/wp-json\/wp\/v2\/types\/post"}],"author":[{"embeddable":true,"href":"https:\/\/www.actualidadadiario.com\/index.php\/wp-json\/wp\/v2\/users\/3"}],"replies":[{"embeddable":true,"href":"https:\/\/www.actualidadadiario.com\/index.php\/wp-json\/wp\/v2\/comments?post=99767"}],"version-history":[{"count":1,"href":"https:\/\/www.actualidadadiario.com\/index.php\/wp-json\/wp\/v2\/posts\/99767\/revisions"}],"predecessor-version":[{"id":99769,"href":"https:\/\/www.actualidadadiario.com\/index.php\/wp-json\/wp\/v2\/posts\/99767\/revisions\/99769"}],"wp:featuredmedia":[{"embeddable":true,"href":"https:\/\/www.actualidadadiario.com\/index.php\/wp-json\/wp\/v2\/media\/99768"}],"wp:attachment":[{"href":"https:\/\/www.actualidadadiario.com\/index.php\/wp-json\/wp\/v2\/media?parent=99767"}],"wp:term":[{"taxonomy":"category","embeddable":true,"href":"https:\/\/www.actualidadadiario.com\/index.php\/wp-json\/wp\/v2\/categories?post=99767"},{"taxonomy":"post_tag","embeddable":true,"href":"https:\/\/www.actualidadadiario.com\/index.php\/wp-json\/wp\/v2\/tags?post=99767"}],"curies":[{"name":"wp","href":"https:\/\/api.w.org\/{rel}","templated":true}]}}