{"id":99759,"date":"2023-03-30T15:00:07","date_gmt":"2023-03-30T18:00:07","guid":{"rendered":"https:\/\/www.actualidadadiario.com\/?p=99759"},"modified":"2023-03-30T15:00:07","modified_gmt":"2023-03-30T18:00:07","slug":"tension-en-francia-macron-aseguro-que-las-protestas-no-frenaran-las-reformas","status":"publish","type":"post","link":"https:\/\/www.actualidadadiario.com\/index.php\/2023\/03\/30\/tension-en-francia-macron-aseguro-que-las-protestas-no-frenaran-las-reformas\/","title":{"rendered":"Tensi\u00f3n en Francia: Macron asegur\u00f3 que las protestas no frenar\u00e1n las reformas"},"content":{"rendered":"<p style=\"text-align: center;\"><em><strong>El presidente franc\u00e9s afirm\u00f3 que las movilizaciones &#8220;son normales&#8221;, aunque aclar\u00f3 que &#8220;no significa que se deban parar&#8221; las iniciativas impulsadas por el Gobierno y que son resistidas por la poblaci\u00f3n<\/strong><\/em><\/p>\n<p>&nbsp;<\/p>\n<p>&nbsp;<\/p>\n<p>Las protestas no detendr\u00e1n la reforma de las pensiones ni otros cambios pol\u00edticos, asegur\u00f3 el presidente franc\u00e9s, Emmanuel Macron, antes de develar un plan con 50 medidas destinadas a evitar una crisis del agua este verano boreal y en los pr\u00f3ximos a\u00f1os.<\/p>\n<p>El plan toca un amplio abanico de medidas, entre ellas c\u00f3mo reutilizar el agua, compartirla y evitar las fugas.<\/p>\n<p>Con este plan, Macron y su gobierno pretenden pasar a otros asuntos distintos de la ley de pensiones, que desencaden\u00f3 feroces protestas en todo el pa\u00eds durante dos meses.<\/p>\n<p>No obstante, en Savines-le-Lac, en los Alpes, donde ten\u00eda previsto pronunciar su discurso, fue recibido por grupos de manifestantes enfadados con el proyecto de ley de pensiones. En una pancarta se le\u00eda &#8220;\u00a1Macron dimisi\u00f3n!&#8221; y en otra &#8220;Agarra tu pensi\u00f3n, no la nuestra&#8221;. Seg\u00fan los medios locales, dos manifestantes fueron detenidos.<\/p>\n<p>El agua tambi\u00e9n es un asunto pol\u00e9mico en Francia. Dos hombres se encuentran en coma tras violentos enfrentamientos el s\u00e1bado entre manifestantes y la polic\u00eda durante una protesta no autorizada contra la construcci\u00f3n de un gigantesco embalse para riego agr\u00edcola en el oeste de Francia.<\/p>\n<p>La peor sequ\u00eda registrada en Francia el verano pasado agudiz\u00f3 el debate sobre los recursos h\u00eddricos en el mayor productor agr\u00edcola de la Uni\u00f3n Europea.<\/p>\n<p>Los agricultores dicen que necesitan grandes embalses para poder regar sus cultivos este verano, mientras que los grupos ecologistas les acusan de malgastar el agua y aseguran que los agricultores confiscan as\u00ed un bien com\u00fan.<\/p>\n<p>&#8220;Las protestas son normales&#8221;, dijo Macron a los medios, &#8220;pero eso no significa que debamos parar. Nada justifica la violencia en una sociedad democr\u00e1tica&#8221;.<\/p>\n","protected":false},"excerpt":{"rendered":"<p>El presidente franc\u00e9s afirm\u00f3 que las movilizaciones &#8220;son normales&#8221;, aunque aclar\u00f3 que &#8220;no significa que se deban parar&#8221; las iniciativas impulsadas por el Gobierno y que son resistidas por la poblaci\u00f3n &nbsp; &nbsp; Las protestas no detendr\u00e1n la reforma de las pensiones ni otros cambios pol\u00edticos, asegur\u00f3 el presidente franc\u00e9s, Emmanuel Macron, antes de develar un plan con 50 medidas destinadas a evitar una crisis del agua este verano boreal y en los pr\u00f3ximos a\u00f1os. El plan toca un amplio abanico de medidas, entre ellas c\u00f3mo reutilizar el agua, compartirla&#8230;<\/p>\n","protected":false},"author":3,"featured_media":99542,"comment_status":"closed","ping_status":"closed","sticky":false,"template":"","format":"standard","meta":[],"categories":[4],"tags":[],"_links":{"self":[{"href":"https:\/\/www.actualidadadiario.com\/index.php\/wp-json\/wp\/v2\/posts\/99759"}],"collection":[{"href":"https:\/\/www.actualidadadiario.com\/index.php\/wp-json\/wp\/v2\/posts"}],"about":[{"href":"https:\/\/www.actualidadadiario.com\/index.php\/wp-json\/wp\/v2\/types\/post"}],"author":[{"embeddable":true,"href":"https:\/\/www.actualidadadiario.com\/index.php\/wp-json\/wp\/v2\/users\/3"}],"replies":[{"embeddable":true,"href":"https:\/\/www.actualidadadiario.com\/index.php\/wp-json\/wp\/v2\/comments?post=99759"}],"version-history":[{"count":1,"href":"https:\/\/www.actualidadadiario.com\/index.php\/wp-json\/wp\/v2\/posts\/99759\/revisions"}],"predecessor-version":[{"id":99760,"href":"https:\/\/www.actualidadadiario.com\/index.php\/wp-json\/wp\/v2\/posts\/99759\/revisions\/99760"}],"wp:featuredmedia":[{"embeddable":true,"href":"https:\/\/www.actualidadadiario.com\/index.php\/wp-json\/wp\/v2\/media\/99542"}],"wp:attachment":[{"href":"https:\/\/www.actualidadadiario.com\/index.php\/wp-json\/wp\/v2\/media?parent=99759"}],"wp:term":[{"taxonomy":"category","embeddable":true,"href":"https:\/\/www.actualidadadiario.com\/index.php\/wp-json\/wp\/v2\/categories?post=99759"},{"taxonomy":"post_tag","embeddable":true,"href":"https:\/\/www.actualidadadiario.com\/index.php\/wp-json\/wp\/v2\/tags?post=99759"}],"curies":[{"name":"wp","href":"https:\/\/api.w.org\/{rel}","templated":true}]}}