{"id":99757,"date":"2023-03-30T14:59:32","date_gmt":"2023-03-30T17:59:32","guid":{"rendered":"https:\/\/www.actualidadadiario.com\/?p=99757"},"modified":"2023-03-30T14:59:32","modified_gmt":"2023-03-30T17:59:32","slug":"francisco-mejora-progresivamente-de-la-infeccion-respiratoria-y-agradecio-mensajes","status":"publish","type":"post","link":"https:\/\/www.actualidadadiario.com\/index.php\/2023\/03\/30\/francisco-mejora-progresivamente-de-la-infeccion-respiratoria-y-agradecio-mensajes\/","title":{"rendered":"Francisco &#8220;mejora progresivamente&#8221; de la infecci\u00f3n respiratoria y agradeci\u00f3 mensajes"},"content":{"rendered":"<p style=\"text-align: center;\"><em><strong>&#8220;Su Santidad el Papa Francisco descans\u00f3 bien durante la noche. El cuadro cl\u00ednico mejora progresivamente y contin\u00faan los tratamientos previstos&#8221;, inform\u00f3 Matteo Bruni, responsable de la comunicaci\u00f3n del Vaticano<\/strong><\/em><\/p>\n<p>&nbsp;<\/p>\n<p>&nbsp;<\/p>\n<p>El papa Francisco &#8220;mejora progresivamente&#8221; y contin\u00faa con los tratamientos contra la infecci\u00f3n respiratoria, tras pasar &#8220;bien&#8221; la noche en el hospital Gemelli de Roma, en el que est\u00e1 internado desde el mi\u00e9rcoles, y a trav\u00e9s de las redes sociales agradeci\u00f3 los mensajes recibidos de &#8220;cercan\u00eda y oraci\u00f3n&#8221;.<\/p>\n<p>&#8220;Su Santidad el Papa Francisco descans\u00f3 bien durante la noche. El cuadro cl\u00ednico mejora progresivamente y contin\u00faan los tratamientos previstos&#8221;, inform\u00f3 el director de la oficina de Prensa del Vaticano, Matteo Bruni, en un comunicado sobre la salud del pont\u00edfice, de 86 a\u00f1os, que durmi\u00f3 en la habitaci\u00f3n preparada en el d\u00e9cimo piso del centro m\u00e9dico.<\/p>\n<p>A trav\u00e9s de un comunicado, el vocero del Vaticano agreg\u00f3: &#8220;Esta ma\u00f1ana, despu\u00e9s del desayuno, ley\u00f3 algunos peri\u00f3dicos y volvi\u00f3 al trabajo. Antes del almuerzo fue a la capillita del departamento privado, donde se reuni\u00f3 en oraci\u00f3n y recibi\u00f3 la Eucarist\u00eda&#8221;.<\/p>\n<p>El mi\u00e9rcoles, Jorge Bergoglio fue ingresado en el centro m\u00e9dico del centro de Roma luego de registrar &#8220;algunas dificultades respiratorias&#8221;, seg\u00fan dio a conocer el director de prensa.<\/p>\n<p>De acuerdo con lo explicado por Bruni, el Papa se someti\u00f3 a una serie de controles que mostraron &#8220;una infecci\u00f3n respiratoria (excluida la infecci\u00f3n por Covid 19)&#8221; por la que &#8220;requerir\u00e1 unos d\u00edas de tratamiento m\u00e9dico hospitalario adecuado&#8221;, en la misma habitaci\u00f3n en la que en 2021 durmi\u00f3 10 d\u00edas tras una operaci\u00f3n al colon.<\/p>\n<p>Como motivo de la internaci\u00f3n, el Pont\u00edfice suspendi\u00f3 las audiencias previstas para jueves y viernes, agregaron fuentes vaticanas.<\/p>\n<p>Por el momento, no hay precisi\u00f3n sobre las celebraciones previstas para la Semana Santa que inician el jueves 6 y que incluyen la realizaci\u00f3n del tradicional Via Crucis en el Coliseo el viernes 7.<\/p>\n<p>Este mediod\u00eda, la cuenta oficial de Twitter del Papa, @pontifex, public\u00f3 un texto del pont\u00edfice con &#8220;el agradecimiento por la cercan\u00eda y la oraci\u00f3n&#8221; tras &#8220;tantos mensajes recibidos en estas horas&#8221;.<\/p>\n<p>En 1957, Francisco sufri\u00f3 a sus entonces 21 a\u00f1os la extirpaci\u00f3n del l\u00f3bulo superior del pulm\u00f3n derecho a causa de una infecci\u00f3n pulmonar.<\/p>\n<p>El mi\u00e9rcoles, tras la audiencia general que encabez\u00f3 por la ma\u00f1ana en la Plaza San Pedro, el pont\u00edfice suspendi\u00f3 una entrevista con un programa de la televisi\u00f3n italiana en la c\u00e1rcel romana de Regina Coeli, apuntaron las fuentes, por una serie de dificultades respiratorias por las que fue finalmente llevado al Gemelli.<\/p>\n","protected":false},"excerpt":{"rendered":"<p>&#8220;Su Santidad el Papa Francisco descans\u00f3 bien durante la noche. El cuadro cl\u00ednico mejora progresivamente y contin\u00faan los tratamientos previstos&#8221;, inform\u00f3 Matteo Bruni, responsable de la comunicaci\u00f3n del Vaticano &nbsp; &nbsp; El papa Francisco &#8220;mejora progresivamente&#8221; y contin\u00faa con los tratamientos contra la infecci\u00f3n respiratoria, tras pasar &#8220;bien&#8221; la noche en el hospital Gemelli de Roma, en el que est\u00e1 internado desde el mi\u00e9rcoles, y a trav\u00e9s de las redes sociales agradeci\u00f3 los mensajes recibidos de &#8220;cercan\u00eda y oraci\u00f3n&#8221;. &#8220;Su Santidad el Papa Francisco descans\u00f3 bien durante la noche. El&#8230;<\/p>\n","protected":false},"author":3,"featured_media":99504,"comment_status":"closed","ping_status":"closed","sticky":false,"template":"","format":"standard","meta":[],"categories":[4],"tags":[],"_links":{"self":[{"href":"https:\/\/www.actualidadadiario.com\/index.php\/wp-json\/wp\/v2\/posts\/99757"}],"collection":[{"href":"https:\/\/www.actualidadadiario.com\/index.php\/wp-json\/wp\/v2\/posts"}],"about":[{"href":"https:\/\/www.actualidadadiario.com\/index.php\/wp-json\/wp\/v2\/types\/post"}],"author":[{"embeddable":true,"href":"https:\/\/www.actualidadadiario.com\/index.php\/wp-json\/wp\/v2\/users\/3"}],"replies":[{"embeddable":true,"href":"https:\/\/www.actualidadadiario.com\/index.php\/wp-json\/wp\/v2\/comments?post=99757"}],"version-history":[{"count":1,"href":"https:\/\/www.actualidadadiario.com\/index.php\/wp-json\/wp\/v2\/posts\/99757\/revisions"}],"predecessor-version":[{"id":99758,"href":"https:\/\/www.actualidadadiario.com\/index.php\/wp-json\/wp\/v2\/posts\/99757\/revisions\/99758"}],"wp:featuredmedia":[{"embeddable":true,"href":"https:\/\/www.actualidadadiario.com\/index.php\/wp-json\/wp\/v2\/media\/99504"}],"wp:attachment":[{"href":"https:\/\/www.actualidadadiario.com\/index.php\/wp-json\/wp\/v2\/media?parent=99757"}],"wp:term":[{"taxonomy":"category","embeddable":true,"href":"https:\/\/www.actualidadadiario.com\/index.php\/wp-json\/wp\/v2\/categories?post=99757"},{"taxonomy":"post_tag","embeddable":true,"href":"https:\/\/www.actualidadadiario.com\/index.php\/wp-json\/wp\/v2\/tags?post=99757"}],"curies":[{"name":"wp","href":"https:\/\/api.w.org\/{rel}","templated":true}]}}