{"id":99754,"date":"2023-03-30T14:58:50","date_gmt":"2023-03-30T17:58:50","guid":{"rendered":"https:\/\/www.actualidadadiario.com\/?p=99754"},"modified":"2023-03-30T14:58:50","modified_gmt":"2023-03-30T17:58:50","slug":"locura-total-en-uruguay-se-reunieron-con-bielsa-y-suenan-tenerlo-como-dt","status":"publish","type":"post","link":"https:\/\/www.actualidadadiario.com\/index.php\/2023\/03\/30\/locura-total-en-uruguay-se-reunieron-con-bielsa-y-suenan-tenerlo-como-dt\/","title":{"rendered":"Locura total: en Uruguay se reunieron con Bielsa y sue\u00f1an tenerlo como DT"},"content":{"rendered":"<p style=\"text-align: center;\"><em><strong>El t\u00e9cnico argentino mantuvo sus primeros contactos con los dirigentes &#8220;charr\u00faas&#8221;, quienes vieron &#8220;una buena predisposici\u00f3n&#8221; del rosarino. Ser\u00eda su tercera experiencia como conductor de seleccionados<\/strong><\/em><\/p>\n<p>&nbsp;<\/p>\n<p>&nbsp;<\/p>\n<p>El entrenador rosarino Marcelo Bielsa es pretendido por el seleccionado uruguayo y mantuvo contactos con dirigentes de la Asociaci\u00f3n Uruguaya de F\u00fatbol (AUF), en la b\u00fasqueda del sucesor de Diego Alonso.<\/p>\n<p>De acuerdo con la prensa uruguaya, Bielsa entabl\u00f3 contacto con integrantes del Comit\u00e9 Ejecutivo de la AUF, quienes pusieron acento en &#8220;la afinidad&#8221; que el ex seleccionador argentino tiene con el pa\u00eds vecino por las m\u00faltiples ocasiones en que se lo vio corriendo por la Rambla de Montevideo.<\/p>\n<p>Los dirigentes uruguayos vieron &#8220;una buena disposici\u00f3n&#8221; de Bielsa, seg\u00fan Ovaci\u00f3n, del diario El Pa\u00eds, para asumir como seleccionador de la &#8220;Celeste&#8221; e intentar\u00e1n que la negociaci\u00f3n concluya en las pr\u00f3ximas semanas.<\/p>\n<p>Bielsa dirigi\u00f3 a la Argentina (1998-2004) y a Chile (2007-2011) y en caso de concretarse, Uruguay ser\u00eda su tercera experiencia en un seleccionado despu\u00e9s de Argentina y Chile.<\/p>\n<p>Uruguay, con Marcelo Broli como seleccionador interino, busca retomar los primeros planos del f\u00fatbol sudamericano luego de la eliminaci\u00f3n en la primera fase del Mundial Qatar 2022.<\/p>\n","protected":false},"excerpt":{"rendered":"<p>El t\u00e9cnico argentino mantuvo sus primeros contactos con los dirigentes &#8220;charr\u00faas&#8221;, quienes vieron &#8220;una buena predisposici\u00f3n&#8221; del rosarino. Ser\u00eda su tercera experiencia como conductor de seleccionados &nbsp; &nbsp; El entrenador rosarino Marcelo Bielsa es pretendido por el seleccionado uruguayo y mantuvo contactos con dirigentes de la Asociaci\u00f3n Uruguaya de F\u00fatbol (AUF), en la b\u00fasqueda del sucesor de Diego Alonso. De acuerdo con la prensa uruguaya, Bielsa entabl\u00f3 contacto con integrantes del Comit\u00e9 Ejecutivo de la AUF, quienes pusieron acento en &#8220;la afinidad&#8221; que el ex seleccionador argentino tiene con el&#8230;<\/p>\n","protected":false},"author":3,"featured_media":99755,"comment_status":"closed","ping_status":"closed","sticky":false,"template":"","format":"standard","meta":[],"categories":[4],"tags":[],"_links":{"self":[{"href":"https:\/\/www.actualidadadiario.com\/index.php\/wp-json\/wp\/v2\/posts\/99754"}],"collection":[{"href":"https:\/\/www.actualidadadiario.com\/index.php\/wp-json\/wp\/v2\/posts"}],"about":[{"href":"https:\/\/www.actualidadadiario.com\/index.php\/wp-json\/wp\/v2\/types\/post"}],"author":[{"embeddable":true,"href":"https:\/\/www.actualidadadiario.com\/index.php\/wp-json\/wp\/v2\/users\/3"}],"replies":[{"embeddable":true,"href":"https:\/\/www.actualidadadiario.com\/index.php\/wp-json\/wp\/v2\/comments?post=99754"}],"version-history":[{"count":1,"href":"https:\/\/www.actualidadadiario.com\/index.php\/wp-json\/wp\/v2\/posts\/99754\/revisions"}],"predecessor-version":[{"id":99756,"href":"https:\/\/www.actualidadadiario.com\/index.php\/wp-json\/wp\/v2\/posts\/99754\/revisions\/99756"}],"wp:featuredmedia":[{"embeddable":true,"href":"https:\/\/www.actualidadadiario.com\/index.php\/wp-json\/wp\/v2\/media\/99755"}],"wp:attachment":[{"href":"https:\/\/www.actualidadadiario.com\/index.php\/wp-json\/wp\/v2\/media?parent=99754"}],"wp:term":[{"taxonomy":"category","embeddable":true,"href":"https:\/\/www.actualidadadiario.com\/index.php\/wp-json\/wp\/v2\/categories?post=99754"},{"taxonomy":"post_tag","embeddable":true,"href":"https:\/\/www.actualidadadiario.com\/index.php\/wp-json\/wp\/v2\/tags?post=99754"}],"curies":[{"name":"wp","href":"https:\/\/api.w.org\/{rel}","templated":true}]}}