{"id":99749,"date":"2023-03-30T14:57:24","date_gmt":"2023-03-30T17:57:24","guid":{"rendered":"https:\/\/www.actualidadadiario.com\/?p=99749"},"modified":"2023-03-30T14:57:24","modified_gmt":"2023-03-30T17:57:24","slug":"la-corte-constitucional-de-ecuador-da-luz-verde-al-juicio-politico-al-presidente","status":"publish","type":"post","link":"https:\/\/www.actualidadadiario.com\/index.php\/2023\/03\/30\/la-corte-constitucional-de-ecuador-da-luz-verde-al-juicio-politico-al-presidente\/","title":{"rendered":"La Corte Constitucional de Ecuador da luz verde al juicio pol\u00edtico al presidente"},"content":{"rendered":"<p style=\"text-align: center;\"><em><strong>El tribunal habilit\u00f3 el proceso por el presunto delito de peculado, pero rechaz\u00f3 el cargo de exacci\u00f3n ilegal; el tr\u00e1mite, en caso de avanzar, podr\u00eda llevar m\u00e1s de un mes<\/strong><\/em><\/p>\n<p>&nbsp;<\/p>\n<p>&nbsp;<\/p>\n<p>&nbsp;<\/p>\n<p>Por seis votos a favor y tres en contra, la Corte Constitucional de Ecuador (CC) di\u00f3 luz verde al juicio pol\u00edtico contra el presidente Guillermo Lasso, tras emitir un dictamen de admisibilidad parcial en relaci\u00f3n con presuntos delitos contra la seguridad del Estado llevados adelante por el mandatario.<\/p>\n<p>En particular, desde la CC explicaron que se admiti\u00f3 la acusaci\u00f3n relacionada con el presunto delito de peculado, pero no as\u00ed las dos incriminaciones sobre el presunto delito de concusi\u00f3n (exacci\u00f3n ilegal), informa RTenespa\u00f1ol.<\/p>\n<p>Respecto a estas dos inadmisiones, el organismo argument\u00f3 su decisi\u00f3n por incumplimiento de los requisitos establecidos en el art\u00edculo 148 de la Ley Org\u00e1nica de Garant\u00edas Jurisdiccionales y Control Constitucional.<\/p>\n<p>&#8220;Esta Corte exhorta a las instituciones involucradas en el juicio pol\u00edtico a actuar siempre dentro de los c\u00e1nones previstos en la Constituci\u00f3n y el Estado de Derecho&#8221;, reza el comunicado de la instituci\u00f3n.<\/p>\n<p>&nbsp;<\/p>\n<p><strong>Negativa<\/strong><\/p>\n<p>La decisi\u00f3n llega en segunda votaci\u00f3n, luego de que el 27 de marzo no se alcanzaran los seis votos favorables requeridos, por lo que fueron nombrados otros dos jueces ponentes.<\/p>\n<p>Por su parte, la Secretar\u00eda General de Comunicaci\u00f3n de la Presidencia emiti\u00f3 un comunicado en el que afirma respetar la decisi\u00f3n de la CC, al tiempo que rechaza el juicio pol\u00edtico, y reafirma la inocencia del mandatario.<\/p>\n<p>&#8220;Esta decisi\u00f3n, de ninguna manera, valida los argumentos planteados por la legislatura en contra del presidente. El planteamento de la Asamblea nunca tuvo ni tendr\u00e1 sustento jur\u00eddico, ni pol\u00edtico alguno. Como es de conocimiento p\u00fablico, el documento ha sufrido varios cambios y ha contado con innumerables errores&#8221;, destacaron desde el Ejecutivo.<\/p>\n<p>&nbsp;<\/p>\n<p><strong>Plazos<\/strong><\/p>\n<p>Tras recibir finalmente el aval del pleno de la CC, el presidente de la Asamblea Nacional del pa\u00eds tiene un plazo de tres d\u00edas para devolver el documento al Consejo de Administraci\u00f3n Legislativa (CAL), que luego lo enviar\u00e1 a la Comisi\u00f3n de Fiscalizaci\u00f3n del Parlamento. Esta, a su vez, debe resolver en 30 d\u00edas si recomienda o no el juicio.<\/p>\n<p>Cuando se tenga el informe de la Comisi\u00f3n de Fiscalizaci\u00f3n, el titular de la Asamblea Nacional convocar\u00e1 al pleno para llevar a cabo el enjuiciamiento. En la sesi\u00f3n el mandatario tiene derecho a su defensa y para aprobar la moci\u00f3n de censura se deber\u00e1 contar con la mayor\u00eda calificada (92 votos).<\/p>\n<p>Cabe recordar que todo el proceso arranc\u00f3 formalmente el 16 de marzo con la presentaci\u00f3n de la solicitud del enjuiciamiento contra Lasso ante el Parlamento por parte de legisladores de varias bancadas. La solicitud cobr\u00f3 forma tras aprobarse un informe que recomendaba juicio pol\u00edtico contra Lasso.<\/p>\n","protected":false},"excerpt":{"rendered":"<p>El tribunal habilit\u00f3 el proceso por el presunto delito de peculado, pero rechaz\u00f3 el cargo de exacci\u00f3n ilegal; el tr\u00e1mite, en caso de avanzar, podr\u00eda llevar m\u00e1s de un mes &nbsp; &nbsp; &nbsp; Por seis votos a favor y tres en contra, la Corte Constitucional de Ecuador (CC) di\u00f3 luz verde al juicio pol\u00edtico contra el presidente Guillermo Lasso, tras emitir un dictamen de admisibilidad parcial en relaci\u00f3n con presuntos delitos contra la seguridad del Estado llevados adelante por el mandatario. En particular, desde la CC explicaron que se admiti\u00f3&#8230;<\/p>\n","protected":false},"author":3,"featured_media":99750,"comment_status":"closed","ping_status":"closed","sticky":false,"template":"","format":"standard","meta":[],"categories":[4],"tags":[],"_links":{"self":[{"href":"https:\/\/www.actualidadadiario.com\/index.php\/wp-json\/wp\/v2\/posts\/99749"}],"collection":[{"href":"https:\/\/www.actualidadadiario.com\/index.php\/wp-json\/wp\/v2\/posts"}],"about":[{"href":"https:\/\/www.actualidadadiario.com\/index.php\/wp-json\/wp\/v2\/types\/post"}],"author":[{"embeddable":true,"href":"https:\/\/www.actualidadadiario.com\/index.php\/wp-json\/wp\/v2\/users\/3"}],"replies":[{"embeddable":true,"href":"https:\/\/www.actualidadadiario.com\/index.php\/wp-json\/wp\/v2\/comments?post=99749"}],"version-history":[{"count":1,"href":"https:\/\/www.actualidadadiario.com\/index.php\/wp-json\/wp\/v2\/posts\/99749\/revisions"}],"predecessor-version":[{"id":99751,"href":"https:\/\/www.actualidadadiario.com\/index.php\/wp-json\/wp\/v2\/posts\/99749\/revisions\/99751"}],"wp:featuredmedia":[{"embeddable":true,"href":"https:\/\/www.actualidadadiario.com\/index.php\/wp-json\/wp\/v2\/media\/99750"}],"wp:attachment":[{"href":"https:\/\/www.actualidadadiario.com\/index.php\/wp-json\/wp\/v2\/media?parent=99749"}],"wp:term":[{"taxonomy":"category","embeddable":true,"href":"https:\/\/www.actualidadadiario.com\/index.php\/wp-json\/wp\/v2\/categories?post=99749"},{"taxonomy":"post_tag","embeddable":true,"href":"https:\/\/www.actualidadadiario.com\/index.php\/wp-json\/wp\/v2\/tags?post=99749"}],"curies":[{"name":"wp","href":"https:\/\/api.w.org\/{rel}","templated":true}]}}