{"id":99745,"date":"2023-03-30T14:54:45","date_gmt":"2023-03-30T17:54:45","guid":{"rendered":"https:\/\/www.actualidadadiario.com\/?p=99745"},"modified":"2023-03-30T14:54:45","modified_gmt":"2023-03-30T17:54:45","slug":"con-aumentos-y-retroactivos-el-sabado-se-iniciara-el-pago-de-los-haberes-a-estatales","status":"publish","type":"post","link":"https:\/\/www.actualidadadiario.com\/index.php\/2023\/03\/30\/con-aumentos-y-retroactivos-el-sabado-se-iniciara-el-pago-de-los-haberes-a-estatales\/","title":{"rendered":"Con aumentos y retroactivos el s\u00e1bado se iniciar\u00e1 el pago de los haberes a estatales"},"content":{"rendered":"<p style=\"text-align: center;\"><em><strong>Con una inversi\u00f3n superior a los 30 mil millones de pesos, el gobierno de Entre R\u00edos iniciar\u00e1 este s\u00e1bado 1\u00ba de abril el pago de haberes a activos y pasivos de la administraci\u00f3n p\u00fablica provincial correspondientes a marzo. Se liquidar\u00e1n aumentos y retroactivos<\/strong><\/em><\/p>\n<p>&nbsp;<\/p>\n<p>&nbsp;<\/p>\n<p>El ministro de Econom\u00eda, Hugo Ballay, precis\u00f3 que en el salario de marzo, que se pagar\u00e1 en los primeros cuatro d\u00edas h\u00e1biles del mes de abril a activos y pasivos, se abonar\u00e1n todos los incrementos retroactivos oportunamente acordados en paritaria salarial.<\/p>\n<p>En este marco, detall\u00f3: &#8220;El 5,35 por ciento de enero retroactivo a diciembre; el incremento previsto para el mes de febrero del 8 por ciento y el tambi\u00e9n acordado para el mes de marzo de 19 por ciento&#8221;. Record\u00f3, adem\u00e1s, que queda pendiente 13 por ciento acordado para el mes de mayo.<\/p>\n<p>Ballay destac\u00f3 que \u201cestamos cumpliendo con el compromiso del gobernador, de hacer todos los esfuerzos para que los salarios de las y los trabajadores del Estado le ganen a la inflaci\u00f3n&#8221;.<\/p>\n<p>&nbsp;<\/p>\n<p><strong>El cronograma de pago dado a conocer es el siguiente:<\/strong><\/p>\n<p><strong>S\u00e1bado 1 de abril:<\/strong> haberes hasta 120.000 pesos.<\/p>\n<p><strong>Martes 4 de abril:<\/strong> haberes de 120.001 pesos a 180.000 pesos<\/p>\n<p><strong>Mi\u00e9rcoles 5 de abril:<\/strong> haberes de 180.001 pesos a 320.000 pesos.<\/p>\n<p><strong>Jueves 6 de abril:<\/strong> haberes superiores a los 320.000 pesos.<\/p>\n","protected":false},"excerpt":{"rendered":"<p>Con una inversi\u00f3n superior a los 30 mil millones de pesos, el gobierno de Entre R\u00edos iniciar\u00e1 este s\u00e1bado 1\u00ba de abril el pago de haberes a activos y pasivos de la administraci\u00f3n p\u00fablica provincial correspondientes a marzo. Se liquidar\u00e1n aumentos y retroactivos &nbsp; &nbsp; El ministro de Econom\u00eda, Hugo Ballay, precis\u00f3 que en el salario de marzo, que se pagar\u00e1 en los primeros cuatro d\u00edas h\u00e1biles del mes de abril a activos y pasivos, se abonar\u00e1n todos los incrementos retroactivos oportunamente acordados en paritaria salarial. En este marco, detall\u00f3:&#8230;<\/p>\n","protected":false},"author":3,"featured_media":81534,"comment_status":"closed","ping_status":"closed","sticky":false,"template":"","format":"standard","meta":[],"categories":[15],"tags":[],"_links":{"self":[{"href":"https:\/\/www.actualidadadiario.com\/index.php\/wp-json\/wp\/v2\/posts\/99745"}],"collection":[{"href":"https:\/\/www.actualidadadiario.com\/index.php\/wp-json\/wp\/v2\/posts"}],"about":[{"href":"https:\/\/www.actualidadadiario.com\/index.php\/wp-json\/wp\/v2\/types\/post"}],"author":[{"embeddable":true,"href":"https:\/\/www.actualidadadiario.com\/index.php\/wp-json\/wp\/v2\/users\/3"}],"replies":[{"embeddable":true,"href":"https:\/\/www.actualidadadiario.com\/index.php\/wp-json\/wp\/v2\/comments?post=99745"}],"version-history":[{"count":1,"href":"https:\/\/www.actualidadadiario.com\/index.php\/wp-json\/wp\/v2\/posts\/99745\/revisions"}],"predecessor-version":[{"id":99746,"href":"https:\/\/www.actualidadadiario.com\/index.php\/wp-json\/wp\/v2\/posts\/99745\/revisions\/99746"}],"wp:featuredmedia":[{"embeddable":true,"href":"https:\/\/www.actualidadadiario.com\/index.php\/wp-json\/wp\/v2\/media\/81534"}],"wp:attachment":[{"href":"https:\/\/www.actualidadadiario.com\/index.php\/wp-json\/wp\/v2\/media?parent=99745"}],"wp:term":[{"taxonomy":"category","embeddable":true,"href":"https:\/\/www.actualidadadiario.com\/index.php\/wp-json\/wp\/v2\/categories?post=99745"},{"taxonomy":"post_tag","embeddable":true,"href":"https:\/\/www.actualidadadiario.com\/index.php\/wp-json\/wp\/v2\/tags?post=99745"}],"curies":[{"name":"wp","href":"https:\/\/api.w.org\/{rel}","templated":true}]}}