{"id":99742,"date":"2023-03-30T14:54:01","date_gmt":"2023-03-30T17:54:01","guid":{"rendered":"https:\/\/www.actualidadadiario.com\/?p=99742"},"modified":"2023-03-30T14:54:01","modified_gmt":"2023-03-30T17:54:01","slug":"el-titular-de-vialidad-nacional-afirmo-que-la-concesion-de-la-ruta-14-es-una-de-las-peores-del-pais","status":"publish","type":"post","link":"https:\/\/www.actualidadadiario.com\/index.php\/2023\/03\/30\/el-titular-de-vialidad-nacional-afirmo-que-la-concesion-de-la-ruta-14-es-una-de-las-peores-del-pais\/","title":{"rendered":"El titular de Vialidad Nacional afirm\u00f3 que la concesi\u00f3n de la Ruta 14 \u201ces una de las peores del pa\u00eds\u201d"},"content":{"rendered":"<p style=\"text-align: center;\"><em><strong>El administrador de Vialidad Nacional visit\u00f3 la ciudad de Concordia y recorri\u00f3 las obras que se llevan a cabo en el acceso sur de la ciudad. Adem\u00e1s, se refiri\u00f3 a la situaci\u00f3n de la Ruta 14 y reconoci\u00f3 que \u201ces una de las peores concesiones&#8221;<\/strong><\/em><\/p>\n<p>&nbsp;<\/p>\n<p>&nbsp;<\/p>\n<p>Durante la jornada de este jueves 30 de marzo, el administrador nacional de Vialidad, Gustavo Arrieta, recorri\u00f3 las obras del acceso sur de la ciudad de Concordia, en la denominada zona de la Y griega, acompa\u00f1ado por el intendente Enrique Cresto.<\/p>\n<p>Al respecto, el funcionario reconoci\u00f3 que \u201csiempre es lindo venir a la provincia de Entre R\u00edos y, especialmente, visitar Concordia, que tiene un modelo de desarrollo muy importante, llevado adelante por el intendente Enrique Cresto\u201d.<\/p>\n<p>En el caso de las obras, manifest\u00f3 que \u201ctienen que ver con el desarrollo productivo y, m\u00e1s all\u00e1 de sumar seguridad vial y conectividad, suma la producci\u00f3n como bandera para proyectar la vida de los vecinos\u201d. Adem\u00e1s, valor\u00f3 que \u201chemos podido avanzar en un plan de obras muy importante&#8221;, ponderando que &#8220;la provincia de Entre R\u00edos es una de las provincias que m\u00e1s obras viales tiene en todo el pa\u00eds\u201d.<\/p>\n<p>&nbsp;<\/p>\n<p><strong>Ruta 14<\/strong><\/p>\n<p>Por otro lado, Arrieta se refiri\u00f3 a la situaci\u00f3n actual de la Autov\u00eda 14 y explic\u00f3 que se trata de \u201cuna concesi\u00f3n otorgada por otro gobierno, en otras circunstancias\u201d, que \u201cno ha prestado un servicio a la altura, m\u00e1s all\u00e1 de las tarifas de este momento\u201d, porque \u201cel servicio tampoco ha sido sustancialmente mejor con las tarifas del gobierno de Macri\u201d.<\/p>\n<p>Hoy en d\u00eda, mencion\u00f3 que \u201cest\u00e1 en convocatoria de acreedores y se ha nombrado una s\u00edndica\u201d, por lo que \u201chay tres esquemas\u201d posibles sobre el futuro de la ruta y \u201cse est\u00e1 analizando si va a ser un consorcio provincial, si van a ser corredores viales o si va a ser una nueva concesi\u00f3n&#8221;. Anticipando que se optara por la salida &#8220;que va a permitir que los entrerrianos y los argentinos que transitamos por la Ruta 14 tengamos un mejor servicio\u201d.<\/p>\n<p>Sin embargo, apunt\u00f3 que el caso de la Ruta 14 \u201ces una de las peores concesiones del pa\u00eds\u201d y \u201cal estado actual hay que resolverlo en t\u00e9rminos legales\u201d, dado que \u201cmientras dure la concesi\u00f3n, el Estado Nacional no puede poner ni carteler\u00eda horizontal, ni vertical, ni tapar un bache, ni hacer una banquina\u201d.<\/p>\n<p>Para finalizar dijo: &#8220;esperemos que, a partir de esta convocatoria, podamos llegar a un di\u00e1logo que nos permita encontrar una soluci\u00f3n para todos\u201d, concluy\u00f3.<\/p>\n","protected":false},"excerpt":{"rendered":"<p>El administrador de Vialidad Nacional visit\u00f3 la ciudad de Concordia y recorri\u00f3 las obras que se llevan a cabo en el acceso sur de la ciudad. Adem\u00e1s, se refiri\u00f3 a la situaci\u00f3n de la Ruta 14 y reconoci\u00f3 que \u201ces una de las peores concesiones&#8221; &nbsp; &nbsp; Durante la jornada de este jueves 30 de marzo, el administrador nacional de Vialidad, Gustavo Arrieta, recorri\u00f3 las obras del acceso sur de la ciudad de Concordia, en la denominada zona de la Y griega, acompa\u00f1ado por el intendente Enrique Cresto. Al respecto,&#8230;<\/p>\n","protected":false},"author":3,"featured_media":99743,"comment_status":"closed","ping_status":"closed","sticky":false,"template":"","format":"standard","meta":[],"categories":[9,15],"tags":[],"_links":{"self":[{"href":"https:\/\/www.actualidadadiario.com\/index.php\/wp-json\/wp\/v2\/posts\/99742"}],"collection":[{"href":"https:\/\/www.actualidadadiario.com\/index.php\/wp-json\/wp\/v2\/posts"}],"about":[{"href":"https:\/\/www.actualidadadiario.com\/index.php\/wp-json\/wp\/v2\/types\/post"}],"author":[{"embeddable":true,"href":"https:\/\/www.actualidadadiario.com\/index.php\/wp-json\/wp\/v2\/users\/3"}],"replies":[{"embeddable":true,"href":"https:\/\/www.actualidadadiario.com\/index.php\/wp-json\/wp\/v2\/comments?post=99742"}],"version-history":[{"count":1,"href":"https:\/\/www.actualidadadiario.com\/index.php\/wp-json\/wp\/v2\/posts\/99742\/revisions"}],"predecessor-version":[{"id":99744,"href":"https:\/\/www.actualidadadiario.com\/index.php\/wp-json\/wp\/v2\/posts\/99742\/revisions\/99744"}],"wp:featuredmedia":[{"embeddable":true,"href":"https:\/\/www.actualidadadiario.com\/index.php\/wp-json\/wp\/v2\/media\/99743"}],"wp:attachment":[{"href":"https:\/\/www.actualidadadiario.com\/index.php\/wp-json\/wp\/v2\/media?parent=99742"}],"wp:term":[{"taxonomy":"category","embeddable":true,"href":"https:\/\/www.actualidadadiario.com\/index.php\/wp-json\/wp\/v2\/categories?post=99742"},{"taxonomy":"post_tag","embeddable":true,"href":"https:\/\/www.actualidadadiario.com\/index.php\/wp-json\/wp\/v2\/tags?post=99742"}],"curies":[{"name":"wp","href":"https:\/\/api.w.org\/{rel}","templated":true}]}}