{"id":99739,"date":"2023-03-30T14:53:13","date_gmt":"2023-03-30T17:53:13","guid":{"rendered":"https:\/\/www.actualidadadiario.com\/?p=99739"},"modified":"2023-03-30T14:53:13","modified_gmt":"2023-03-30T17:53:13","slug":"se-realizaron-jornadas-para-revisar-protocolos-de-los-casos-de-violencia-sexual","status":"publish","type":"post","link":"https:\/\/www.actualidadadiario.com\/index.php\/2023\/03\/30\/se-realizaron-jornadas-para-revisar-protocolos-de-los-casos-de-violencia-sexual\/","title":{"rendered":"Se realizaron jornadas para revisar protocolos de los casos de violencia sexual"},"content":{"rendered":"<p style=\"text-align: center;\"><em><strong>El Ministerio de Salud de Entre R\u00edos, a trav\u00e9s de distintas \u00e1reas espec\u00edficas de la Direcci\u00f3n Materno Infanto Juvenil, contin\u00faa desarrollando visitas territoriales para auditar y revisar la instrumentaci\u00f3n de protocolos as\u00ed como realizar el seguimiento de casos de violencia sexual<\/strong><\/em><\/p>\n<p>&nbsp;<\/p>\n<p>&nbsp;<\/p>\n<p>En ese sentido se desarrollaron encuentros en las localidades de Feliciano y General Ram\u00edrez en los que se efectu\u00f3 el abordaje interdisciplinario de situaciones de violencia sexual, se capacit\u00f3 en servicio tratando de recorrer el circuito que cumplimentaron los profesionales para la asistencia de las mismas; se\u00a0 trabaj\u00f3 sobre los indicadores y los factores de riesgo y de protecci\u00f3n de dichas situaciones.<\/p>\n<p>Durante los encuentros desde la cartera sanitaria se resalt\u00f3 la importancia de que los equipos aborden estas cuestiones complejas que involucran diversidad de aspectos que requieren un abordaje espec\u00edfico desde el paradigma de la salud integral y desde la perspectiva de la garant\u00eda de los derechos humanos, la interseccionalidad y la discapacidad por lo cual se configura como un proceso complejo en la din\u00e1mica de atenci\u00f3n.<\/p>\n<p>Cabe citar que de los distintos encuentros participaron Alicia Vides, responsable de la Unidad de Prevenci\u00f3n de Violencias de G\u00e9nero (UVG) y Carolina Garc\u00eda, del \u00e1rea de Gineco-Obstetricia. En tanto que por los establecimientos estuvieron referentes de los distintos equipos interdisciplinarios.<\/p>\n","protected":false},"excerpt":{"rendered":"<p>El Ministerio de Salud de Entre R\u00edos, a trav\u00e9s de distintas \u00e1reas espec\u00edficas de la Direcci\u00f3n Materno Infanto Juvenil, contin\u00faa desarrollando visitas territoriales para auditar y revisar la instrumentaci\u00f3n de protocolos as\u00ed como realizar el seguimiento de casos de violencia sexual &nbsp; &nbsp; En ese sentido se desarrollaron encuentros en las localidades de Feliciano y General Ram\u00edrez en los que se efectu\u00f3 el abordaje interdisciplinario de situaciones de violencia sexual, se capacit\u00f3 en servicio tratando de recorrer el circuito que cumplimentaron los profesionales para la asistencia de las mismas; se\u00a0&#8230;<\/p>\n","protected":false},"author":3,"featured_media":99740,"comment_status":"closed","ping_status":"closed","sticky":false,"template":"","format":"standard","meta":[],"categories":[9,15],"tags":[],"_links":{"self":[{"href":"https:\/\/www.actualidadadiario.com\/index.php\/wp-json\/wp\/v2\/posts\/99739"}],"collection":[{"href":"https:\/\/www.actualidadadiario.com\/index.php\/wp-json\/wp\/v2\/posts"}],"about":[{"href":"https:\/\/www.actualidadadiario.com\/index.php\/wp-json\/wp\/v2\/types\/post"}],"author":[{"embeddable":true,"href":"https:\/\/www.actualidadadiario.com\/index.php\/wp-json\/wp\/v2\/users\/3"}],"replies":[{"embeddable":true,"href":"https:\/\/www.actualidadadiario.com\/index.php\/wp-json\/wp\/v2\/comments?post=99739"}],"version-history":[{"count":1,"href":"https:\/\/www.actualidadadiario.com\/index.php\/wp-json\/wp\/v2\/posts\/99739\/revisions"}],"predecessor-version":[{"id":99741,"href":"https:\/\/www.actualidadadiario.com\/index.php\/wp-json\/wp\/v2\/posts\/99739\/revisions\/99741"}],"wp:featuredmedia":[{"embeddable":true,"href":"https:\/\/www.actualidadadiario.com\/index.php\/wp-json\/wp\/v2\/media\/99740"}],"wp:attachment":[{"href":"https:\/\/www.actualidadadiario.com\/index.php\/wp-json\/wp\/v2\/media?parent=99739"}],"wp:term":[{"taxonomy":"category","embeddable":true,"href":"https:\/\/www.actualidadadiario.com\/index.php\/wp-json\/wp\/v2\/categories?post=99739"},{"taxonomy":"post_tag","embeddable":true,"href":"https:\/\/www.actualidadadiario.com\/index.php\/wp-json\/wp\/v2\/tags?post=99739"}],"curies":[{"name":"wp","href":"https:\/\/api.w.org\/{rel}","templated":true}]}}