{"id":99734,"date":"2023-03-30T14:51:49","date_gmt":"2023-03-30T17:51:49","guid":{"rendered":"https:\/\/www.actualidadadiario.com\/?p=99734"},"modified":"2023-03-30T14:51:49","modified_gmt":"2023-03-30T17:51:49","slug":"se-inauguro-la-muestra-de-olga-noya-en-el-salon-de-los-pasos-perdidos","status":"publish","type":"post","link":"https:\/\/www.actualidadadiario.com\/index.php\/2023\/03\/30\/se-inauguro-la-muestra-de-olga-noya-en-el-salon-de-los-pasos-perdidos\/","title":{"rendered":"Se inaugur\u00f3 la muestra de Olga Noya en el Sal\u00f3n de los Pasos Perdidos"},"content":{"rendered":"<p style=\"text-align: center;\"><em><strong>En el marco del Mes de la Mujer, la C\u00e1mara de Diputados present\u00f3 la muestra \u201cQuisiera\u201d de la artista pl\u00e1stica entrerriana Olga Noya, la cual se podr\u00e1 visitar hasta la semana del 3 de abril inclusive<\/strong><\/em><\/p>\n<p>&nbsp;<\/p>\n<p>&nbsp;<\/p>\n<p>Este mi\u00e9rcoles se realiz\u00f3 en el Sal\u00f3n de los Pasos Perdidos de la C\u00e1mara de Diputados la inauguraci\u00f3n de la muestra \u201cQuisiera&#8221; de la artista pl\u00e1stica Olga Noya.<\/p>\n<p>\u201cLa muestra consiste en perfiles de mujeres, cada una con un pensamiento propio, los invito a visitarlos y sentirse libres\u201d, afirm\u00f3.<\/p>\n<p>El presidente de la C\u00e1mara de Diputados, \u00c1ngel Giano, y la vicepresidenta 1\u00ba, la diputada Silvia Moreno, le hicieron entrega de un presente. Tambi\u00e9n estuvieron presentes la diputada Carina Ramos y el diputado Julio Solanas.<\/p>\n<p>Moreno expres\u00f3 que \u201cen el mes de marzo hemos reflexionado sobre la conquista de las mujeres, que lo cerramos con esta muestra de Olga Noya que es de Feliciano y es un orgullo para todas las mujeres entrerrianas. Estamos transitando el camino de deconstruir los estereotipos y mandatos que nos han marcado y trabajar para poder ser m\u00e1s libres que generaciones anteriores\u201d.<\/p>\n<p>&#8220;Quisiera&#8221; es una obra creada en septiembre de 2019, donde la artista se refleja en la imagen que nace de sus gestos al esgrafiado del \u00f3leo sobre lienzo. Muestra las cargas, estereotipos, mandatos, estructuras y deberes que las mujeres llevan inconscientemente impuestos por la memoria ancestral. A trav\u00e9s de la imaginaci\u00f3n y la creatividad, celebra la lucha por tener un pensamiento propio y cr\u00edtico, lo que le permite ser individual. La artista desea que sus obras sean un mensaje de liberaci\u00f3n e igualdad para todos, y sostener un bien com\u00fan entre toda la humanidad.<\/p>\n","protected":false},"excerpt":{"rendered":"<p>En el marco del Mes de la Mujer, la C\u00e1mara de Diputados present\u00f3 la muestra \u201cQuisiera\u201d de la artista pl\u00e1stica entrerriana Olga Noya, la cual se podr\u00e1 visitar hasta la semana del 3 de abril inclusive &nbsp; &nbsp; Este mi\u00e9rcoles se realiz\u00f3 en el Sal\u00f3n de los Pasos Perdidos de la C\u00e1mara de Diputados la inauguraci\u00f3n de la muestra \u201cQuisiera&#8221; de la artista pl\u00e1stica Olga Noya. \u201cLa muestra consiste en perfiles de mujeres, cada una con un pensamiento propio, los invito a visitarlos y sentirse libres\u201d, afirm\u00f3. El presidente de&#8230;<\/p>\n","protected":false},"author":3,"featured_media":99735,"comment_status":"closed","ping_status":"closed","sticky":false,"template":"","format":"standard","meta":[],"categories":[15],"tags":[],"_links":{"self":[{"href":"https:\/\/www.actualidadadiario.com\/index.php\/wp-json\/wp\/v2\/posts\/99734"}],"collection":[{"href":"https:\/\/www.actualidadadiario.com\/index.php\/wp-json\/wp\/v2\/posts"}],"about":[{"href":"https:\/\/www.actualidadadiario.com\/index.php\/wp-json\/wp\/v2\/types\/post"}],"author":[{"embeddable":true,"href":"https:\/\/www.actualidadadiario.com\/index.php\/wp-json\/wp\/v2\/users\/3"}],"replies":[{"embeddable":true,"href":"https:\/\/www.actualidadadiario.com\/index.php\/wp-json\/wp\/v2\/comments?post=99734"}],"version-history":[{"count":1,"href":"https:\/\/www.actualidadadiario.com\/index.php\/wp-json\/wp\/v2\/posts\/99734\/revisions"}],"predecessor-version":[{"id":99736,"href":"https:\/\/www.actualidadadiario.com\/index.php\/wp-json\/wp\/v2\/posts\/99734\/revisions\/99736"}],"wp:featuredmedia":[{"embeddable":true,"href":"https:\/\/www.actualidadadiario.com\/index.php\/wp-json\/wp\/v2\/media\/99735"}],"wp:attachment":[{"href":"https:\/\/www.actualidadadiario.com\/index.php\/wp-json\/wp\/v2\/media?parent=99734"}],"wp:term":[{"taxonomy":"category","embeddable":true,"href":"https:\/\/www.actualidadadiario.com\/index.php\/wp-json\/wp\/v2\/categories?post=99734"},{"taxonomy":"post_tag","embeddable":true,"href":"https:\/\/www.actualidadadiario.com\/index.php\/wp-json\/wp\/v2\/tags?post=99734"}],"curies":[{"name":"wp","href":"https:\/\/api.w.org\/{rel}","templated":true}]}}