{"id":99731,"date":"2023-03-30T14:51:04","date_gmt":"2023-03-30T17:51:04","guid":{"rendered":"https:\/\/www.actualidadadiario.com\/?p=99731"},"modified":"2023-03-30T14:51:04","modified_gmt":"2023-03-30T17:51:04","slug":"tras-la-cumbre-y-el-respaldo-de-biden-en-eeuu-el-presidente-regreso-al-pais","status":"publish","type":"post","link":"https:\/\/www.actualidadadiario.com\/index.php\/2023\/03\/30\/tras-la-cumbre-y-el-respaldo-de-biden-en-eeuu-el-presidente-regreso-al-pais\/","title":{"rendered":"Tras la cumbre y el respaldo de Biden en EEUU, el Presidente regres\u00f3 al pa\u00eds"},"content":{"rendered":"<p style=\"text-align: center;\"><em><strong>El presidente Alberto Fern\u00e1ndez arrib\u00f3 este jueves por la ma\u00f1ana al pa\u00eds tras su gira por Rep\u00fablica Dominicana, donde particip\u00f3 de la Cumbre Iberoamericana, y por Estados Unidos, donde se entrevist\u00f3 con su hom\u00f3logo Joe Biden, quien se comprometi\u00f3 a apoyar a la Argentina en los organismos multilaterales de cr\u00e9dito para amortiguar el efecto perjudicial de la sequ\u00eda<\/strong><\/em><\/p>\n<p>&nbsp;<\/p>\n<p>&nbsp;<\/p>\n<p>El avi\u00f3n que trasportaba al Presidente y su comitiva aterriz\u00f3 a las 10.12 en el aeropuerto internacional de Ezeiza.<\/p>\n<p>En su paso por la Casa Blanca Fern\u00e1ndez se asegur\u00f3 el compromiso de su colega estadounidense de apoyar las demandas de la Argentina ante los organismos internacionales para amortiguar el impacto de la sequ\u00eda en la econom\u00eda del pa\u00eds, de modo de modo tal de &#8220;construir un puente que permita pasar este a\u00f1o con m\u00e1s tranquilidad&#8221;.<\/p>\n<p>El mandatario aclar\u00f3 que Biden no s\u00f3lo se comprometi\u00f3 a colaborar con Argentina sino que adem\u00e1s plante\u00f3 que los organismos internacionales de cr\u00e9dito &#8220;deben darse una pol\u00edtica espec\u00edfica para los pa\u00edses de renta media&#8221;, que son las naciones que cargan con el 60% de la pobreza y las que postergarlas ser\u00eda una &#8220;enorme injusticia&#8221;.<\/p>\n<p>&#8220;\u00c9l comparti\u00f3 esa idea y me dijo que trabajemos juntos porque cree que eso es parte del cambio que el sistema de financiamiento internacional debe llevar adelante&#8221;, rese\u00f1\u00f3 el mandatario en una conferencia de prensa que ofreci\u00f3 en Washington tras una reuni\u00f3n con Biden en el Sal\u00f3n Oval de la Casa Blanca.<\/p>\n<p>El lunes, en Nueva York, el Presidente se reuni\u00f3 con la presidenta del Consejo de las Am\u00e9ricas, Susan Segal, y con l\u00edderes empresariales de esa organizaci\u00f3n estadounidense para dialogar sobre el panorama econ\u00f3mico de la Argentina y las oportunidades de inversi\u00f3n, entre otras reuniones que mantuvo en la previa de la cumbre con Biden.<\/p>\n<p>En tanto, en la Cumbre Iberoamericana, en Santo Domingo, el jefe de Estado argentino plante\u00f3 en su discurso -ante l\u00edderes de la regi\u00f3n- que &#8220;si queremos una Iberoam\u00e9rica justa y sostenible, el primer paso que debemos dar es restablecer la unidad&#8221;.<\/p>\n<p>&#8220;No hay soluci\u00f3n desde el aislamiento&#8221;, subray\u00f3 Fern\u00e1ndez en esa oportunidad y destac\u00f3 el funcionamiento del Mercosur, la Comunidad de Estados Latinoamericanos y Caribe\u00f1os (Celac) y la propia Cumbre para &#8220;pensar soluciones desde el multilateralismo&#8221;.<\/p>\n<p>&nbsp;<\/p>\n<p><strong>Un &#8220;\u00e9xito pol\u00edtico&#8221; <\/strong><\/p>\n<p>\u201cLa visita del Presidente a Estados Unidos ha sido un \u00e9xito pol\u00edtico, fue en el marco de un di\u00e1logo positivo que va a tener consecuencias en la relaci\u00f3n general. Se buscaron nuevos puntos de acuerdo en la relaci\u00f3n y fue una reuni\u00f3n de muy alto nivel pol\u00edtico&#8221;, analiz\u00f3 el embajador argentino en Estados Unidos, Jorge Arg\u00fcello, en declaraciones para radio La Red.<\/p>\n<p>El embajador precis\u00f3 que, en la reuni\u00f3n, Fern\u00e1ndez &#8220;le agradeci\u00f3 el apoyo a la hora de cerrar el acuerdo con el FMI y pidi\u00f3 (a Biden) que contin\u00fae apoyando a la Argentina ante los organismos multilaterales de cr\u00e9dito&#8221;.<\/p>\n<p>De esta manera, Arguello asegur\u00f3 que el presidente norteamericano confirm\u00f3 que apoyar\u00edan a la Argentina &#8220;para que salga de esta situaci\u00f3n&#8221;.<\/p>\n<p>&#8220;Vamos a buscar los puntos a mover en la relaci\u00f3n bilateral, para que todo lo que se convers\u00f3 ayer se convierta en hechos reales&#8221;, dijo.<\/p>\n<p>En esa l\u00ednea, se inscribe la visita que la vicecanciller de Estados Unidos, Wendy Sherman, realizar\u00e1 el pr\u00f3ximo 12 de abril a la Argentina para hacer un seguimiento de lo hablado en el encuentro en Washington.<\/p>\n<p>Finalmente, el embajador confirm\u00f3 que en la reuni\u00f3n se habl\u00f3 de China y que &#8220;no hubo cr\u00edticas&#8221; a la posici\u00f3n argentina ante la superpotencia.<\/p>\n","protected":false},"excerpt":{"rendered":"<p>El presidente Alberto Fern\u00e1ndez arrib\u00f3 este jueves por la ma\u00f1ana al pa\u00eds tras su gira por Rep\u00fablica Dominicana, donde particip\u00f3 de la Cumbre Iberoamericana, y por Estados Unidos, donde se entrevist\u00f3 con su hom\u00f3logo Joe Biden, quien se comprometi\u00f3 a apoyar a la Argentina en los organismos multilaterales de cr\u00e9dito para amortiguar el efecto perjudicial de la sequ\u00eda &nbsp; &nbsp; El avi\u00f3n que trasportaba al Presidente y su comitiva aterriz\u00f3 a las 10.12 en el aeropuerto internacional de Ezeiza. En su paso por la Casa Blanca Fern\u00e1ndez se asegur\u00f3 el&#8230;<\/p>\n","protected":false},"author":3,"featured_media":99732,"comment_status":"closed","ping_status":"closed","sticky":false,"template":"","format":"standard","meta":[],"categories":[18],"tags":[],"_links":{"self":[{"href":"https:\/\/www.actualidadadiario.com\/index.php\/wp-json\/wp\/v2\/posts\/99731"}],"collection":[{"href":"https:\/\/www.actualidadadiario.com\/index.php\/wp-json\/wp\/v2\/posts"}],"about":[{"href":"https:\/\/www.actualidadadiario.com\/index.php\/wp-json\/wp\/v2\/types\/post"}],"author":[{"embeddable":true,"href":"https:\/\/www.actualidadadiario.com\/index.php\/wp-json\/wp\/v2\/users\/3"}],"replies":[{"embeddable":true,"href":"https:\/\/www.actualidadadiario.com\/index.php\/wp-json\/wp\/v2\/comments?post=99731"}],"version-history":[{"count":1,"href":"https:\/\/www.actualidadadiario.com\/index.php\/wp-json\/wp\/v2\/posts\/99731\/revisions"}],"predecessor-version":[{"id":99733,"href":"https:\/\/www.actualidadadiario.com\/index.php\/wp-json\/wp\/v2\/posts\/99731\/revisions\/99733"}],"wp:featuredmedia":[{"embeddable":true,"href":"https:\/\/www.actualidadadiario.com\/index.php\/wp-json\/wp\/v2\/media\/99732"}],"wp:attachment":[{"href":"https:\/\/www.actualidadadiario.com\/index.php\/wp-json\/wp\/v2\/media?parent=99731"}],"wp:term":[{"taxonomy":"category","embeddable":true,"href":"https:\/\/www.actualidadadiario.com\/index.php\/wp-json\/wp\/v2\/categories?post=99731"},{"taxonomy":"post_tag","embeddable":true,"href":"https:\/\/www.actualidadadiario.com\/index.php\/wp-json\/wp\/v2\/tags?post=99731"}],"curies":[{"name":"wp","href":"https:\/\/api.w.org\/{rel}","templated":true}]}}