{"id":99724,"date":"2023-03-30T14:49:21","date_gmt":"2023-03-30T17:49:21","guid":{"rendered":"https:\/\/www.actualidadadiario.com\/?p=99724"},"modified":"2023-03-30T14:49:29","modified_gmt":"2023-03-30T17:49:29","slug":"se-desinfla-el-peronismo-de-centro-schiaretti-mide-apenas-un-punto","status":"publish","type":"post","link":"https:\/\/www.actualidadadiario.com\/index.php\/2023\/03\/30\/se-desinfla-el-peronismo-de-centro-schiaretti-mide-apenas-un-punto\/","title":{"rendered":"Se desinfla el peronismo de centro: Schiaretti mide apenas un punto"},"content":{"rendered":"<p style=\"text-align: center;\"><em><strong>Una encuesta revel\u00f3 que Urtubey mide el doble que el gobernador cordob\u00e9s<\/strong><\/em><\/p>\n<p>&nbsp;<\/p>\n<p>&nbsp;<\/p>\n<p>Una encuesta de Poliarqu\u00eda revel\u00f3 que el cordob\u00e9s Juan Schiaretti sacar\u00eda un punto si se presentara como candidato a presidente en las primarias, el mismo porcentaje que mide el voto en blanco.<\/p>\n<p>El sondeo, indica que el salte\u00f1o Juan Manuel Urtubey, que comparte el armado de &#8220;centro&#8221; con el gobernador de C\u00f3rdoba, sacar\u00eda el doble: dos puntos. Myriam Bregman, del Frente de Izquierda, sacar\u00eda lo mismo que los dos peronistas juntos.<\/p>\n<p>Es un golpe duro contra el armado nacional de Schiaretti, que se suma al inconsistente lanzamiento que insinu\u00f3 el martes junto a sus pares de Santa Fe, Omar Perotti y Entre R\u00edos, Gustavo Bordet. Schiaretti busc\u00f3 vender el encuentro como el comienzo de una nueva era del peronismo a nivel nacional y Perotti se limit\u00f3 a decir que era una reuni\u00f3n para conversar los temas de la &#8220;Regi\u00f3n Centro&#8221;.<\/p>\n<p>El armado ven\u00eda tambal\u00e9andose tambi\u00e9n en la provincia, en donde Schiaretti quiere sumar a Florencio Randazzo para complicar al peronismo bonaerense. El &#8220;Flaco&#8221; no quiere prestarse otra vez a esa aventura y en parte tuvo que ver su negativa a integrarse a un frente con Diego Bossio. &#8220;Alguien que usa flequillo a los 50 no es serio&#8221;, se lo escuch\u00f3 decir al ex ministro del Interior en relaci\u00f3n al ex Anses.<\/p>\n","protected":false},"excerpt":{"rendered":"<p>Una encuesta revel\u00f3 que Urtubey mide el doble que el gobernador cordob\u00e9s &nbsp; &nbsp; Una encuesta de Poliarqu\u00eda revel\u00f3 que el cordob\u00e9s Juan Schiaretti sacar\u00eda un punto si se presentara como candidato a presidente en las primarias, el mismo porcentaje que mide el voto en blanco. El sondeo, indica que el salte\u00f1o Juan Manuel Urtubey, que comparte el armado de &#8220;centro&#8221; con el gobernador de C\u00f3rdoba, sacar\u00eda el doble: dos puntos. Myriam Bregman, del Frente de Izquierda, sacar\u00eda lo mismo que los dos peronistas juntos. Es un golpe duro contra&#8230;<\/p>\n","protected":false},"author":3,"featured_media":99725,"comment_status":"closed","ping_status":"closed","sticky":false,"template":"","format":"standard","meta":[],"categories":[18],"tags":[],"_links":{"self":[{"href":"https:\/\/www.actualidadadiario.com\/index.php\/wp-json\/wp\/v2\/posts\/99724"}],"collection":[{"href":"https:\/\/www.actualidadadiario.com\/index.php\/wp-json\/wp\/v2\/posts"}],"about":[{"href":"https:\/\/www.actualidadadiario.com\/index.php\/wp-json\/wp\/v2\/types\/post"}],"author":[{"embeddable":true,"href":"https:\/\/www.actualidadadiario.com\/index.php\/wp-json\/wp\/v2\/users\/3"}],"replies":[{"embeddable":true,"href":"https:\/\/www.actualidadadiario.com\/index.php\/wp-json\/wp\/v2\/comments?post=99724"}],"version-history":[{"count":2,"href":"https:\/\/www.actualidadadiario.com\/index.php\/wp-json\/wp\/v2\/posts\/99724\/revisions"}],"predecessor-version":[{"id":99727,"href":"https:\/\/www.actualidadadiario.com\/index.php\/wp-json\/wp\/v2\/posts\/99724\/revisions\/99727"}],"wp:featuredmedia":[{"embeddable":true,"href":"https:\/\/www.actualidadadiario.com\/index.php\/wp-json\/wp\/v2\/media\/99725"}],"wp:attachment":[{"href":"https:\/\/www.actualidadadiario.com\/index.php\/wp-json\/wp\/v2\/media?parent=99724"}],"wp:term":[{"taxonomy":"category","embeddable":true,"href":"https:\/\/www.actualidadadiario.com\/index.php\/wp-json\/wp\/v2\/categories?post=99724"},{"taxonomy":"post_tag","embeddable":true,"href":"https:\/\/www.actualidadadiario.com\/index.php\/wp-json\/wp\/v2\/tags?post=99724"}],"curies":[{"name":"wp","href":"https:\/\/api.w.org\/{rel}","templated":true}]}}