{"id":99719,"date":"2023-03-30T14:47:38","date_gmt":"2023-03-30T17:47:38","guid":{"rendered":"https:\/\/www.actualidadadiario.com\/?p=99719"},"modified":"2023-03-30T14:47:38","modified_gmt":"2023-03-30T17:47:38","slug":"massa-y-el-fmi-avanzaron-con-la-posibilidad-de-flexibilizar-el-acuerdo","status":"publish","type":"post","link":"https:\/\/www.actualidadadiario.com\/index.php\/2023\/03\/30\/massa-y-el-fmi-avanzaron-con-la-posibilidad-de-flexibilizar-el-acuerdo\/","title":{"rendered":"Massa y el FMI avanzaron con la posibilidad de flexibilizar el acuerdo"},"content":{"rendered":"<p style=\"text-align: center;\"><em><strong>El ministro de Econom\u00eda mantuvo un encuentro con la n\u00famero dos del Fondo, Gita Gopinath, con vistas a la reuni\u00f3n del Directorio del FMI el pr\u00f3ximo viernes<\/strong><\/em><\/p>\n<p>&nbsp;<\/p>\n<p>&nbsp;<\/p>\n<p>La segunda funcionaria en la escala de mando del Fondo Monetario (FMI), Gita Gopinath, recibi\u00f3 en la sede del organismo en la tarde (de Buenos Aires) de este mi\u00e9rcoles al ministro de Econom\u00eda, Sergio Massa. Este encuentro precedi\u00f3 al que mantuvieron un par de horas despu\u00e9s el presidente Alberto Fern\u00e1ndez con su par de Estados Unidos, Joe Biden.<\/p>\n<p>En un texto publicado en la red social Twitter, Gopinath asegur\u00f3 que se trat\u00f3 de una \u201cbuena reuni\u00f3n\u201d. La economista de la India, que reemplaza en estas tareas a la directora gerente Kristalina Georgieva, quien se encuentra en China, dijo que con Massa \u201cdiscuti\u00f3 la cuarta revisi\u00f3n del programa, el severo impacto de la sequ\u00eda y la importancia de las acciones para aumentar las reservas y continuar con la movilizaci\u00f3n sustentable del financiamiento dom\u00e9stico\u201d.<\/p>\n<p>En la misma red social, Massa coincidi\u00f3 con Gopinath en lo de una \u201cbuena reuni\u00f3n\u201d y agreg\u00f3 que \u201canalizamos el impacto de la sequ\u00eda en el pa\u00eds y se valor\u00f3 el despeje de vencimientos de la curva en pesos\u201d. El ministro agreg\u00f3 que \u201cAmbos compartimos la decisi\u00f3n del gobierno de continuar avanzando con medidas que fomenten el incremento de exportaciones con el objetivo de fortalecer las reservas\u201d.<\/p>\n<p>M\u00e1s all\u00e1 de las diferencias sutiles de lenguaje, la reuni\u00f3n buscaba \u201csensibilizar\u201d a los m\u00e1ximos ejecutivos del FMI de cara a la aprobaci\u00f3n de la cuarta revisi\u00f3n del acuerdo que ata a la Argentina con el FMI, que se llevar\u00e1 a cabo el pr\u00f3ximo viernes, ya con Georgieva en su sill\u00f3n del noveno piso del edificio del Fondo.<\/p>\n<p>En el gobierno, el FMI y los mercados se da por descontada la aprobaci\u00f3n de los n\u00fameros de la econom\u00eda correspondientes al per\u00edodo de octubre-diciembre. La incertidumbre est\u00e1 en qu\u00e9 resolver\u00e1 el Directorio del Fondo a futuro.<\/p>\n<p>El FMI viene caracterizando que la sequ\u00eda provocar\u00e1 un \u201cimpacto severo\u201d, as\u00ed lo dijo en el comunicado del 13 de marzo y ahora lo repiti\u00f3 Gopinath. La sequ\u00eda afecta la actividad econ\u00f3mica, la recaudaci\u00f3n impositiva y las exportaciones, por lo tanto impacta en el ingreso de d\u00f3lares a las arcas del Banco Central.<\/p>\n<p>&nbsp;<\/p>\n<p><strong>Qu\u00e9 quiere Massa del FMI<\/strong><\/p>\n<p>A partir de esta realidad, Massa aboga por una flexibilizaci\u00f3n del acuerdo con el FMI en varios aspectos:<\/p>\n<p>-Que el Directorio apruebe, junto con la revisi\u00f3n del cuarto trimestre, una reducci\u00f3n de las metas de reservas que debe acumular el Banco Central este a\u00f1o. Si bien el staff t\u00e9cnico del organismo ya dio su visto bueno a este pedido, queda la duda sobre la forma de implementaci\u00f3n ya que una menor exigencia en la primera mitad para luego \u201crecuperar\u201d podr\u00eda ser inviable.}<\/p>\n<p>&nbsp;<\/p>\n<p>-Tambi\u00e9n que d\u00e9 su ok a la extensi\u00f3n de una l\u00ednea especial de cr\u00e9dito, la RFI (Instrumento de Financiamiento R\u00e1pido), que tiene como objetivo \u201cresponder a situaciones en las que no es necesario un programa econ\u00f3mico completo porque la necesidad es transitoria y de naturaleza limitada, o no factible debido al dise\u00f1o de pol\u00edticas, la capacidad y otras restricciones de implementaci\u00f3n\u201d, tal como se\u00f1al\u00f3 Tiempo este martes y que podr\u00eda sumar unos U$S 2300 millones.<\/p>\n<p>&nbsp;<\/p>\n<p>-Adem\u00e1s, que d\u00e9 el visto bueno a una reducci\u00f3n de los pagos que el pa\u00eds debe realizar este a\u00f1o, de forma que \u201cpor lo menos\u201d calcen con lo que el organismo desembolsar\u00e1. Seg\u00fan c\u00e1lculos publicados por este medio, la Argentina deber\u00e1 pagar unos U$S 3500 millones al FMI por encima de lo que recibir\u00e1.<\/p>\n<p>&nbsp;<\/p>\n<p>-Tambi\u00e9n apruebe un nuevo plan de \u201cest\u00edmulo\u201d a los exportadores para que liquiden los d\u00f3lares obtenidos por sus ventas al exterior. En realidad, est\u00e1n obligados a hacerlo, pero en el sector agropecuario hay inconsistencias entre lo declarado y lo efectivamente liquidado. En lugar de aplicar la ley, Massa prefiere persuadirlos con beneficios del tipo de los aplicados con los exportadores de soja en septiembre y noviembre del a\u00f1o pasado.<\/p>\n<p>&nbsp;<\/p>\n<p><strong>Un futuro sin d\u00f3lares<\/strong><\/p>\n<p>La perspectiva de una falta de d\u00f3lares est\u00e1 motorizando una corrida contra el peso y una nueva presi\u00f3n devaluatoria, que consign\u00f3 Tiempo el domingo pasado. La salida de fondos desde fondos comunes de inversi\u00f3n ha sido constante desde marzo, en simult\u00e1neo con saltos del 10% en los d\u00f3lares financieros.<\/p>\n<p>La respuesta del gobierno fue la toma de los bonos en d\u00f3lares en poder de los organismos p\u00fablicos, incluido el Fondo de Garant\u00eda de Sustentabilidad (FGS) de Anses, a cambio de los cuales entreg\u00f3 bonos en pesos. Con esos bonos en d\u00f3lares, Massa y el Banco Central piensan intervenir para controlar los movimientos de los d\u00f3lares financieros.<\/p>\n","protected":false},"excerpt":{"rendered":"<p>El ministro de Econom\u00eda mantuvo un encuentro con la n\u00famero dos del Fondo, Gita Gopinath, con vistas a la reuni\u00f3n del Directorio del FMI el pr\u00f3ximo viernes &nbsp; &nbsp; La segunda funcionaria en la escala de mando del Fondo Monetario (FMI), Gita Gopinath, recibi\u00f3 en la sede del organismo en la tarde (de Buenos Aires) de este mi\u00e9rcoles al ministro de Econom\u00eda, Sergio Massa. Este encuentro precedi\u00f3 al que mantuvieron un par de horas despu\u00e9s el presidente Alberto Fern\u00e1ndez con su par de Estados Unidos, Joe Biden. En un texto&#8230;<\/p>\n","protected":false},"author":3,"featured_media":99720,"comment_status":"closed","ping_status":"closed","sticky":false,"template":"","format":"standard","meta":[],"categories":[18],"tags":[],"_links":{"self":[{"href":"https:\/\/www.actualidadadiario.com\/index.php\/wp-json\/wp\/v2\/posts\/99719"}],"collection":[{"href":"https:\/\/www.actualidadadiario.com\/index.php\/wp-json\/wp\/v2\/posts"}],"about":[{"href":"https:\/\/www.actualidadadiario.com\/index.php\/wp-json\/wp\/v2\/types\/post"}],"author":[{"embeddable":true,"href":"https:\/\/www.actualidadadiario.com\/index.php\/wp-json\/wp\/v2\/users\/3"}],"replies":[{"embeddable":true,"href":"https:\/\/www.actualidadadiario.com\/index.php\/wp-json\/wp\/v2\/comments?post=99719"}],"version-history":[{"count":1,"href":"https:\/\/www.actualidadadiario.com\/index.php\/wp-json\/wp\/v2\/posts\/99719\/revisions"}],"predecessor-version":[{"id":99721,"href":"https:\/\/www.actualidadadiario.com\/index.php\/wp-json\/wp\/v2\/posts\/99719\/revisions\/99721"}],"wp:featuredmedia":[{"embeddable":true,"href":"https:\/\/www.actualidadadiario.com\/index.php\/wp-json\/wp\/v2\/media\/99720"}],"wp:attachment":[{"href":"https:\/\/www.actualidadadiario.com\/index.php\/wp-json\/wp\/v2\/media?parent=99719"}],"wp:term":[{"taxonomy":"category","embeddable":true,"href":"https:\/\/www.actualidadadiario.com\/index.php\/wp-json\/wp\/v2\/categories?post=99719"},{"taxonomy":"post_tag","embeddable":true,"href":"https:\/\/www.actualidadadiario.com\/index.php\/wp-json\/wp\/v2\/tags?post=99719"}],"curies":[{"name":"wp","href":"https:\/\/api.w.org\/{rel}","templated":true}]}}