{"id":99717,"date":"2023-03-30T14:46:51","date_gmt":"2023-03-30T17:46:51","guid":{"rendered":"https:\/\/www.actualidadadiario.com\/?p=99717"},"modified":"2023-03-30T14:46:51","modified_gmt":"2023-03-30T17:46:51","slug":"cristina-kirchner-pone-en-jaque-la-causa-cuadernos","status":"publish","type":"post","link":"https:\/\/www.actualidadadiario.com\/index.php\/2023\/03\/30\/cristina-kirchner-pone-en-jaque-la-causa-cuadernos\/","title":{"rendered":"Cristina Kirchner pone en jaque la Causa Cuadernos"},"content":{"rendered":"<p style=\"text-align: center;\"><em><strong>Sus abogados pidieron que se libre oficio al Colegio de Escribanos para que informe si los \u201carrepentidos\u201d presuntamente presionados a declarar en su contra dejaron escritos en sobres cerrados para dar cuenta de esa situaci\u00f3n. En caso afirmativo, los abogados de la vicepresidenta solicitaron que se remitan copias autenticadas<\/strong><\/em><\/p>\n<p>&nbsp;<\/p>\n<p>&nbsp;<\/p>\n<p>Cristina Fern\u00e1ndez de Kirchner puso nuevamente en jaque a la Causa Cuadernos. Lo hizo en la antesala del llamado a juicio oral y p\u00fablico, y en respuesta al Tribunal Oral Federal n\u00famero siete, que tiene asignada la realizaci\u00f3n del debate aunque todav\u00eda no est\u00e1 clara la fecha.<\/p>\n<p>Los abogados de la vicepresidenta, Carlos Alberto Beraldi y Ary Llernovoy, plantearon por primera vez, de manera formal, algo que est\u00e1 instalado en el imaginario popular de la investigaci\u00f3n pr\u00e1cticamente desde sus inicios: que los \u201carrepentidos\u201d pudieron haber sido presionados para declarar en contra de ella para obtener la libertad. Y que, tras ceder a esas presiones, fueron corriendo a una escriban\u00eda a dejar por escrito y en sobres cerrados la realidad de la situaci\u00f3n.<\/p>\n<p>Por eso, la defensa de la ex presidenta pidi\u00f3 hoy que \u201cse libre oficio al Colegio de Escribanos de la Ciudad Aut\u00f3noma de Buenos Aires a efectos de que por su intermedio se requiera todos los escribanos inscriptos ante dicho colegio que informen si alguna las personas que han prestado declaraci\u00f3n como \u201carrepentidos\u201d en el marco del presente proceso (ley 27.304), cuyos datos personales est\u00e1n consignados en el requerimiento de elevaci\u00f3n a juicio formulado por el Ministerio P\u00fablico Fiscal, requiri\u00f3 en el per\u00edodo que va desde el 1\u00b0 de agosto de 2018 hasta el d\u00eda de la fecha que se protocolizara alguna manifestaci\u00f3n vinculada con los dichos que prestaran en estas actuaciones. En caso afirmativo deber\u00e1n remitir copias autenticadas de los instrumentos notariales que se hubiere labrado a efectos de documentar las manifestaciones de dichos arrepentidos\u201d.<\/p>\n<p>Los pedidos de prueba formulados como \u201cparte acusada\u201d en el juicio son un paso ineludible antes de que el tribunal convoque al debate. Sin embargo, la defensa de la vicepresidenta insisti\u00f3 en que el expediente \u201cse encuentra viciado por grav\u00edsimas irregularidades que fulminan absolutamente su validez\u201d.<\/p>\n<p>Si ello fuera receptado por el tribunal oral, el juicio no se har\u00eda. Dif\u00edcilmente vaya a ocurrir algo as\u00ed. Por eso los abogados hicieron \u201creservas\u201d para acudir a todas las instancias posibles, locales e internacionales, desde la Corte Suprema de Justicia de la Naci\u00f3n a \u201clos organismos internacionales competentes en materia de derechos humanos por las v\u00edas correspondientes\u201d.<\/p>\n<p>Previendo que habr\u00e1 juicio y que probablemente su fecha est\u00e9 signada por los tiempos pol\u00edticos y las \u201cnecesidades\u201d que suele acompa\u00f1ar el Poder Judicial, Beraldi y Llernovoy apuntaron al coraz\u00f3n de la prueba. Pidieron que \u201cse practique un estudio pericial de caligraf\u00eda y scopometr\u00eda sobre todos los cuadernos originales supuestamente manuscritos por Oscar Centeno\u201d.<\/p>\n<p>\u00bfEl objetivo? \u201cDeterminar si los textos conformados en dichos cuadernos pertenecen o no a un mismo pu\u00f1o escritural, si \u00e9ste (o en su caso estos) se corresponde con las graf\u00edas de Oscar Centeno y si se aprecian sobrescritos, testados o cualquier tipo de alteraci\u00f3n y\/o modificaci\u00f3n en tales escrituras. En caso afirmativo, se deber\u00e1n estudiar tales alteraciones y\/o modificaciones, individualiz\u00e1ndose a cada una de ellas y explic\u00e1ndose detalladamente c\u00f3mo fueron efectuadas\u201d.<\/p>\n<p>Algo as\u00ed como preguntar de qu\u00e9 color era el caballo blanco de San Mart\u00edn. En una causa judicial que instruye el juez Marcelo Mart\u00ednez de Giorgi ya est\u00e1 probado, mediante un examen realizado por la Divisi\u00f3n Scopometr\u00eda de la Polic\u00eda Federal, que los cuadernos, al menos en lo que se refiere a uno de los empresarios imputados, Armando Loson, tienen unas 1.600 irregularidades como las que ahora pregunta la vicepresidenta.<\/p>\n<p>\u201cAdem\u00e1s, los expertos intervinientes deber\u00e1n analizar, a trav\u00e9s de los medios t\u00e9cnicos correspondientes, si en los referidos cuadernos se han utilizado y\/o empleado uno o varios implementos escritores y estilos de tinta, inform\u00e1ndose la calidad, la cantidad y las caracter\u00edsticas de sus componentes. Finalmente, los peritos deber\u00e1n establecer la antig\u00fcedad que registran todos los textos obrantes en los aludidos cuadernos, precisando si \u00e9stos guardan correspondencia o no con las fechas consignadas en los mismos\u201d.<\/p>\n<p>Las medidas apuntan a consolidar un criterio sobre el que el Poder Judicial se ha empinado en las \u00faltimas semanas para cerrar todas las denuncias derivadas de la filtraci\u00f3n de los chats que desnudaron las relaciones de jueces y fiscales con funcionarios porte\u00f1os. Si ninguna causa pudo prosperar porque ese elemento de prueba hab\u00eda sido obtenido de manera ilegal, \u00bfpor qu\u00e9 cuadernos adulterados s\u00ed podr\u00edan ser utilizados como elementos de prueba?<\/p>\n<p>El escrito tambi\u00e9n propone que \u201cse libre oficio a todas las compa\u00f1\u00edas de telefon\u00eda fija y celular del pa\u00eds a fin de que indiquen los n\u00fameros de los abonados registrados a nombre del ex Juez Federal Claudio Bonad\u00edo y del Fiscal Federal interviniente en la etapa de instrucci\u00f3n, Dr. Carlos Stornelli, en el per\u00edodo comprendido entre el 1\u00b0 de enero de 2018 hasta el 31 de diciembre de 2019\u201d.<\/p>\n<p>Con ese dato, \u201cse le deber\u00e1 requerir a la DAJUDECO que elabore un informe detallado en el que consten todos los registros de comunicaciones e impactos de celdas que los mismos hubiesen tenido lugar en el referido per\u00edodo (1\u00b0 de enero de 2018 hasta el 31 de diciembre de 2019), individualiz\u00e1ndose a todos los interlocutores con los que se hubiesen entablado llamadas entrantes o salientes y\/o intercambiado mensajes de SMS o a trav\u00e9s de cualquier sistema de mensajer\u00eda (WhatsApp, Telegram, etc.)\u201d.<\/p>\n<p>\u201cReviste una importancia dirimente para establecer la existencia de indebidas interferencias por parte del poder pol\u00edtico en el tr\u00e1mite de este proceso, as\u00ed como tambi\u00e9n para corroborar irregularidades en los actos de inicio y desarrollo de la causa, en particular, en lo que respecta a la manera en que se obtuvieron las declaraciones de los denominados arrepentidos\u201d.<\/p>\n<p>Por \u00faltimo, la defensa de CFK recam\u00f3 los expedientes administrativos de todas las obras p\u00fablicas incluidas en la elevaci\u00f3n a juicio oral que, seg\u00fan la acusaci\u00f3n, formaron parte del supuesto entramado de pagos ilegales.<\/p>\n<p>\u201cUna vez que sean remitidos a la sede de este Tribunal los expedientes administrativos requeridos, nuestra parte habr\u00e1 de identificar y solicitar que sean convocados al debate en calidad de testigos todos los funcionarios que intervinieron en su desarrollo, a efectos de que indiquen si recibieron indicaciones desde la Presidencia de la Naci\u00f3n vinculadas al tr\u00e1mite que deb\u00eda imprimirse a las actuaciones\u201d.<\/p>\n<p>El Poder Judicial ha sostenido que la cabeza de la estructura de gobierno (Carlos Menem en la Causa Armas, Mauricio Macri en las escuchas ilegales del gobierno porte\u00f1o, Fernando De la R\u00faa en la represi\u00f3n del 19 y 20 de diciembre de 2001, el propio Macri con los \u201ccuentapropistas\u201d de la AFI) no ten\u00edan por qu\u00e9 conocer al detalle lo que hac\u00edan sus subalternos.<\/p>\n<p>En el caso de Cristina Kirchner cambiaron esa mirada y la condenaron por la Causa Vialidad, pese a la prueba de descargo presentada por las defensas.<\/p>\n","protected":false},"excerpt":{"rendered":"<p>Sus abogados pidieron que se libre oficio al Colegio de Escribanos para que informe si los \u201carrepentidos\u201d presuntamente presionados a declarar en su contra dejaron escritos en sobres cerrados para dar cuenta de esa situaci\u00f3n. En caso afirmativo, los abogados de la vicepresidenta solicitaron que se remitan copias autenticadas &nbsp; &nbsp; Cristina Fern\u00e1ndez de Kirchner puso nuevamente en jaque a la Causa Cuadernos. Lo hizo en la antesala del llamado a juicio oral y p\u00fablico, y en respuesta al Tribunal Oral Federal n\u00famero siete, que tiene asignada la realizaci\u00f3n del&#8230;<\/p>\n","protected":false},"author":3,"featured_media":85240,"comment_status":"closed","ping_status":"closed","sticky":false,"template":"","format":"standard","meta":[],"categories":[9],"tags":[],"_links":{"self":[{"href":"https:\/\/www.actualidadadiario.com\/index.php\/wp-json\/wp\/v2\/posts\/99717"}],"collection":[{"href":"https:\/\/www.actualidadadiario.com\/index.php\/wp-json\/wp\/v2\/posts"}],"about":[{"href":"https:\/\/www.actualidadadiario.com\/index.php\/wp-json\/wp\/v2\/types\/post"}],"author":[{"embeddable":true,"href":"https:\/\/www.actualidadadiario.com\/index.php\/wp-json\/wp\/v2\/users\/3"}],"replies":[{"embeddable":true,"href":"https:\/\/www.actualidadadiario.com\/index.php\/wp-json\/wp\/v2\/comments?post=99717"}],"version-history":[{"count":1,"href":"https:\/\/www.actualidadadiario.com\/index.php\/wp-json\/wp\/v2\/posts\/99717\/revisions"}],"predecessor-version":[{"id":99718,"href":"https:\/\/www.actualidadadiario.com\/index.php\/wp-json\/wp\/v2\/posts\/99717\/revisions\/99718"}],"wp:featuredmedia":[{"embeddable":true,"href":"https:\/\/www.actualidadadiario.com\/index.php\/wp-json\/wp\/v2\/media\/85240"}],"wp:attachment":[{"href":"https:\/\/www.actualidadadiario.com\/index.php\/wp-json\/wp\/v2\/media?parent=99717"}],"wp:term":[{"taxonomy":"category","embeddable":true,"href":"https:\/\/www.actualidadadiario.com\/index.php\/wp-json\/wp\/v2\/categories?post=99717"},{"taxonomy":"post_tag","embeddable":true,"href":"https:\/\/www.actualidadadiario.com\/index.php\/wp-json\/wp\/v2\/tags?post=99717"}],"curies":[{"name":"wp","href":"https:\/\/api.w.org\/{rel}","templated":true}]}}