{"id":99714,"date":"2023-03-30T14:45:59","date_gmt":"2023-03-30T17:45:59","guid":{"rendered":"https:\/\/www.actualidadadiario.com\/?p=99714"},"modified":"2023-03-30T14:45:59","modified_gmt":"2023-03-30T17:45:59","slug":"el-mensaje-politico-de-alberto-tras-la-reunion-con-biden-no-pienso-en-mi-reeleccion-si-en-la-victoria-del-fdt","status":"publish","type":"post","link":"https:\/\/www.actualidadadiario.com\/index.php\/2023\/03\/30\/el-mensaje-politico-de-alberto-tras-la-reunion-con-biden-no-pienso-en-mi-reeleccion-si-en-la-victoria-del-fdt\/","title":{"rendered":"El mensaje pol\u00edtico de Alberto tras la reuni\u00f3n con Biden: &#8220;No pienso en mi reelecci\u00f3n, s\u00ed en la victoria del FDT&#8221;"},"content":{"rendered":"<p style=\"text-align: center;\"><em><strong>Ambos mandatarios mantuvieron este mi\u00e9rcoles una reuni\u00f3n bilateral donde Argentina le agradeci\u00f3 la ayuda durante la pandemia con la donaci\u00f3n de vacunas. El estadounidense se comprometi\u00f3 a fortalecer la agenda de Derechos Humanos. &#8220;Pudimos hablar con Biden de los problemas econ\u00f3micos&#8221;, asegur\u00f3<\/strong><\/em><\/p>\n<p>&nbsp;<\/p>\n<p>&nbsp;<\/p>\n<p>El presidente Alberto Fern\u00e1ndez brind\u00f3 una declaraci\u00f3n a la prensa junto a su par de los Estados Unidos, Joseph Biden, antes de dar inicio a la reuni\u00f3n bilateral en la Casa Blanca, en Washington DC. \u201cEl gobierno del presidente Biden, como nuestro gobierno, ve a la democracia y los Derechos Humanos como objetivos centrales para el desarrollo. En eso debemos seguir trabajando\u201d, expres\u00f3 el mandatario.<\/p>\n<p>\u201cTenemos una gran oportunidad despu\u00e9s de 200 a\u00f1os de diplomacia\u201d, expres\u00f3 el jefe de Estado en la Casa Blanca, y agreg\u00f3, refiri\u00e9ndose al Presidente estadounidense: \u201cNos ha tocado enfrentar una tragedia como la pandemia y yo quiero agradecerle, porque su gobierno colabor\u00f3 con la Argentina y todo el continente donando vacunas\u201d.<\/p>\n<p>Por su parte, el presidente Biden destac\u00f3 que la reuni\u00f3n \u201ces una oportunidad para afirmar que nada est\u00e1 fuera de nuestro alcance si trabajamos juntos\u201d, y asegur\u00f3 que \u201cestamos trabajando para proteger los Derechos Humanos y garantizar que la democracia beneficie a los ciudadanos de ambos pa\u00edses\u201d.<\/p>\n<p>Tras aseverar que \u201cseguiremos defendiendo los valores que compartimos\u201d, agradeci\u00f3 la posici\u00f3n del gobierno argentino \u201cde condenar la agresi\u00f3n rusa ante el pueblo ucraniano. Tenemos una muy buena oportunidad para seguir profundizando nuestras relaciones econ\u00f3micas en los diferentes temas de cooperaci\u00f3n\u201d.<\/p>\n<p>A su vez, los mandatarios resaltaron la fortaleza de la asociaci\u00f3n entre ambos pa\u00edses, as\u00ed como los valores compartidos por sus gobiernos en cuanto a la inclusi\u00f3n, la democracia, la protecci\u00f3n de los Derechos Humanos y las acciones para enfrentar el cambio clim\u00e1tico, entre otros ejes estrat\u00e9gicos.<\/p>\n<p>Luego, el mandatario argentino brind\u00f3 una conferencia de prensa ante los periodistas que siguen el viaje presidencial por Estados Unidos. \u201cPudimos hablar con Biden de los problemas econ\u00f3micos\u201d, dijo. \u201cLe agradec\u00ed el acompa\u00f1amiento con el FMI, le expliqu\u00e9 que vivimos la peor sequ\u00eda desde 1929, el presidente me dijo que contara con \u00e9l y su gobierno en los organismos multilaterales\u201d, agreg\u00f3 Fern\u00e1ndez.<\/p>\n<p>Adem\u00e1s, seg\u00fan cont\u00f3 el Presidente, Biden se\u00f1al\u00f3 que \u201cpostergar a los pa\u00edses de renta media es una enorme injusticia\u201d. El mandatario asegur\u00f3 que la cuesti\u00f3n China no fue parte de las conversaciones. Una periodista espa\u00f1ola le consult\u00f3 si se presentar\u00e1 como candidato en las elecciones y el Presidente pate\u00f3 la pelota afuera de la cancha. \u201cTengo mi cabeza en la gesti\u00f3n de gobierno, en es un momento dif\u00edcil por la sequ\u00eda, no estoy pensando en mi reelecci\u00f3n si en la victoria de nuestro espacio, eso s\u00ed estoy trabajando\u201d, apunt\u00f3 el jefe de estado nacional.<\/p>\n<p>De la reuni\u00f3n de trabajo ampliada que se realiz\u00f3 luego en la Sala de Gabinete con sus respectivas delegaciones, participaron por la Argentina, los ministros de Relaciones Exteriores, Comercio Internacional y Culto, Santiago Cafiero, de Econom\u00eda, Sergio Massa, y de Seguridad, An\u00edbal Fern\u00e1ndez.<\/p>\n<p>Tambi\u00e9n el secretario General de la Presidencia, Julio Vitobello; la portavoz de la Presidencia, Gabriela Cerruti; la jefa de Gabinete del Ministerio de Relaciones Exteriores, Comercio Internacional y Culto, Luciana Tito; el jefe de Gabinete del Ministerio de Econom\u00eda, Leonardo Madcur, y el embajador argentino ante los Estados Unidos, Jorge Arg\u00fcello.<\/p>\n<p>En tanto que, por los Estados Unidos, asistieron el secretario de Estado, Antony Blinken; la secretaria del Tesoro, Janet Yellen; el asesor de Seguridad Nacional, Jake Sullivan; el director del Consejo de Seguridad Nacional para el hemisferio occidental, Juan Gonz\u00e1lez; el subsecretario de Estado para Asuntos del hemisferio occidental, Brian A. Nichols; el director para Brasil y el Cono Sur del Consejo Nacional de Seguridad, Lorenzo Harris, y el embajador estadounidense ante la Argentina, Marc Stanley.<\/p>\n","protected":false},"excerpt":{"rendered":"<p>Ambos mandatarios mantuvieron este mi\u00e9rcoles una reuni\u00f3n bilateral donde Argentina le agradeci\u00f3 la ayuda durante la pandemia con la donaci\u00f3n de vacunas. El estadounidense se comprometi\u00f3 a fortalecer la agenda de Derechos Humanos. &#8220;Pudimos hablar con Biden de los problemas econ\u00f3micos&#8221;, asegur\u00f3 &nbsp; &nbsp; El presidente Alberto Fern\u00e1ndez brind\u00f3 una declaraci\u00f3n a la prensa junto a su par de los Estados Unidos, Joseph Biden, antes de dar inicio a la reuni\u00f3n bilateral en la Casa Blanca, en Washington DC. \u201cEl gobierno del presidente Biden, como nuestro gobierno, ve a la&#8230;<\/p>\n","protected":false},"author":3,"featured_media":99715,"comment_status":"closed","ping_status":"closed","sticky":false,"template":"","format":"standard","meta":[],"categories":[9],"tags":[],"_links":{"self":[{"href":"https:\/\/www.actualidadadiario.com\/index.php\/wp-json\/wp\/v2\/posts\/99714"}],"collection":[{"href":"https:\/\/www.actualidadadiario.com\/index.php\/wp-json\/wp\/v2\/posts"}],"about":[{"href":"https:\/\/www.actualidadadiario.com\/index.php\/wp-json\/wp\/v2\/types\/post"}],"author":[{"embeddable":true,"href":"https:\/\/www.actualidadadiario.com\/index.php\/wp-json\/wp\/v2\/users\/3"}],"replies":[{"embeddable":true,"href":"https:\/\/www.actualidadadiario.com\/index.php\/wp-json\/wp\/v2\/comments?post=99714"}],"version-history":[{"count":1,"href":"https:\/\/www.actualidadadiario.com\/index.php\/wp-json\/wp\/v2\/posts\/99714\/revisions"}],"predecessor-version":[{"id":99716,"href":"https:\/\/www.actualidadadiario.com\/index.php\/wp-json\/wp\/v2\/posts\/99714\/revisions\/99716"}],"wp:featuredmedia":[{"embeddable":true,"href":"https:\/\/www.actualidadadiario.com\/index.php\/wp-json\/wp\/v2\/media\/99715"}],"wp:attachment":[{"href":"https:\/\/www.actualidadadiario.com\/index.php\/wp-json\/wp\/v2\/media?parent=99714"}],"wp:term":[{"taxonomy":"category","embeddable":true,"href":"https:\/\/www.actualidadadiario.com\/index.php\/wp-json\/wp\/v2\/categories?post=99714"},{"taxonomy":"post_tag","embeddable":true,"href":"https:\/\/www.actualidadadiario.com\/index.php\/wp-json\/wp\/v2\/tags?post=99714"}],"curies":[{"name":"wp","href":"https:\/\/api.w.org\/{rel}","templated":true}]}}