{"id":99706,"date":"2023-03-30T14:39:06","date_gmt":"2023-03-30T17:39:06","guid":{"rendered":"https:\/\/www.actualidadadiario.com\/?p=99706"},"modified":"2023-03-30T14:39:06","modified_gmt":"2023-03-30T17:39:06","slug":"alerta-por-tormentas-en-dos-provincias-y-por-vientos-fuertes-en-la-cordillera-mendocina","status":"publish","type":"post","link":"https:\/\/www.actualidadadiario.com\/index.php\/2023\/03\/30\/alerta-por-tormentas-en-dos-provincias-y-por-vientos-fuertes-en-la-cordillera-mendocina\/","title":{"rendered":"Alerta por tormentas en dos provincias y por vientos fuertes en la cordillera mendocina"},"content":{"rendered":"<p style=\"text-align: center;\"><em><strong>En Misiones y Corrientes se espera abundante ca\u00edda de agua en cortos per\u00edodos, ca\u00edda de granizo, fuerte actividad el\u00e9ctrica y r\u00e1fagas. Se recomienda a los pobladores que eviten actividades al aire libre y aseguren los elementos que puedan volarse<\/strong><\/em><\/p>\n<p>&nbsp;<\/p>\n<p>&nbsp;<\/p>\n<p>El Servicio Meteorol\u00f3gico Nacional (SMN) emiti\u00f3 una alerta amarilla por tormentas para localidades de Misiones y Corrientes y por vientos fuertes para la zona cordillerana de Mendoza.<\/p>\n<p>De acuerdo al parte del organismo meteorol\u00f3gico, se esperan tormentas aisladas, algunas localmente fuertes con abundante ca\u00edda de agua en cortos per\u00edodos, ca\u00edda de granizo, fuerte actividad el\u00e9ctrica y r\u00e1fagas para las localidades misioneras de 25 de Mayo, Ap\u00f3stoles, Caingu\u00e1s, Concepci\u00f3n, Leandro N. Alem, Ober\u00e1, San Javier, sur de Guaran\u00ed, Candelaria, Capital, Libertador General San Mart\u00edn y San Ignacio.<\/p>\n<p>Igual fen\u00f3meno se prev\u00e9 para los departamentos de General Alvear, Paso de los Libres, San Mart\u00edn, Santo Tom\u00e9, Ituzaing\u00f3 y San Miguel, en la provincia de Corrientes.<\/p>\n<p>En ambos distritos se esperan valores de precipitaci\u00f3n acumulada entre 20 y 50 mil\u00edmetros, pudiendo ser superados de manera puntual.<\/p>\n<p>En tanto, rige una alerta amarilla por vientos del sector oeste, con velocidades entre 60 y 80 kil\u00f3metros por hora y r\u00e1fagas que pueden alcanzar los 100 kil\u00f3metros por hora, para las zonas cordilleranas de Malarg\u00fce, de San Carlos, de Tunuy\u00e1n y de San Rafael, en la provincia de Mendoza.<\/p>\n<p>El organismo recomend\u00f3 a los pobladores de esas \u00e1reas que eviten actividades al aire libre y aseguren los elementos que puedan volarse.<\/p>\n","protected":false},"excerpt":{"rendered":"<p>En Misiones y Corrientes se espera abundante ca\u00edda de agua en cortos per\u00edodos, ca\u00edda de granizo, fuerte actividad el\u00e9ctrica y r\u00e1fagas. Se recomienda a los pobladores que eviten actividades al aire libre y aseguren los elementos que puedan volarse &nbsp; &nbsp; El Servicio Meteorol\u00f3gico Nacional (SMN) emiti\u00f3 una alerta amarilla por tormentas para localidades de Misiones y Corrientes y por vientos fuertes para la zona cordillerana de Mendoza. De acuerdo al parte del organismo meteorol\u00f3gico, se esperan tormentas aisladas, algunas localmente fuertes con abundante ca\u00edda de agua en cortos per\u00edodos,&#8230;<\/p>\n","protected":false},"author":3,"featured_media":97156,"comment_status":"closed","ping_status":"closed","sticky":false,"template":"","format":"standard","meta":[],"categories":[2],"tags":[],"_links":{"self":[{"href":"https:\/\/www.actualidadadiario.com\/index.php\/wp-json\/wp\/v2\/posts\/99706"}],"collection":[{"href":"https:\/\/www.actualidadadiario.com\/index.php\/wp-json\/wp\/v2\/posts"}],"about":[{"href":"https:\/\/www.actualidadadiario.com\/index.php\/wp-json\/wp\/v2\/types\/post"}],"author":[{"embeddable":true,"href":"https:\/\/www.actualidadadiario.com\/index.php\/wp-json\/wp\/v2\/users\/3"}],"replies":[{"embeddable":true,"href":"https:\/\/www.actualidadadiario.com\/index.php\/wp-json\/wp\/v2\/comments?post=99706"}],"version-history":[{"count":1,"href":"https:\/\/www.actualidadadiario.com\/index.php\/wp-json\/wp\/v2\/posts\/99706\/revisions"}],"predecessor-version":[{"id":99707,"href":"https:\/\/www.actualidadadiario.com\/index.php\/wp-json\/wp\/v2\/posts\/99706\/revisions\/99707"}],"wp:featuredmedia":[{"embeddable":true,"href":"https:\/\/www.actualidadadiario.com\/index.php\/wp-json\/wp\/v2\/media\/97156"}],"wp:attachment":[{"href":"https:\/\/www.actualidadadiario.com\/index.php\/wp-json\/wp\/v2\/media?parent=99706"}],"wp:term":[{"taxonomy":"category","embeddable":true,"href":"https:\/\/www.actualidadadiario.com\/index.php\/wp-json\/wp\/v2\/categories?post=99706"},{"taxonomy":"post_tag","embeddable":true,"href":"https:\/\/www.actualidadadiario.com\/index.php\/wp-json\/wp\/v2\/tags?post=99706"}],"curies":[{"name":"wp","href":"https:\/\/api.w.org\/{rel}","templated":true}]}}