{"id":99703,"date":"2023-03-30T14:38:22","date_gmt":"2023-03-30T17:38:22","guid":{"rendered":"https:\/\/www.actualidadadiario.com\/?p=99703"},"modified":"2023-03-30T14:38:22","modified_gmt":"2023-03-30T17:38:22","slug":"rosario-lanzo-un-programa-para-que-ninos-de-todo-el-pais-juren-la-bandera","status":"publish","type":"post","link":"https:\/\/www.actualidadadiario.com\/index.php\/2023\/03\/30\/rosario-lanzo-un-programa-para-que-ninos-de-todo-el-pais-juren-la-bandera\/","title":{"rendered":"Rosario lanz\u00f3 un programa para que ni\u00f1os de todo el pa\u00eds juren la bandera"},"content":{"rendered":"<p style=\"text-align: center;\"><em><strong>&#8220;S\u00ed, prometo. Mi bandera, mi orgullo&#8221;, se llama la iniciativa que contar\u00e1 con la participaci\u00f3n activa de los visitantes y una recreaci\u00f3n hist\u00f3rica donde actores locales interpretar\u00e1n a Manuel Belgrano y a Catalina Echevarr\u00eda<\/strong><\/em><\/p>\n<p>&nbsp;<\/p>\n<p>&nbsp;<\/p>\n<p>El municipio de Rosario lanz\u00f3 la iniciativa de turismo educativo &#8220;S\u00ed, prometo. Mi bandera, mi orgullo&#8221;, para que alumnos de cuarto grado de todas las escuelas del pa\u00eds tengan la oportunidad de realizar la tradicional y emblem\u00e1tica promesa a la bandera en el Monumento Nacional a la Bandera, lugar donde Manuel Belgrano la iz\u00f3 por primera vez, el 27 de febrero de 1812.<\/p>\n<p>La ceremonia de promesa de lealtad a la bandera adaptada para alumnos de todo el pa\u00eds, contar\u00e1 con la participaci\u00f3n activa de los visitantes y una recreaci\u00f3n hist\u00f3rica donde actores locales interpretar\u00e1n a Manuel Belgrano y a Catalina Echevarr\u00eda ante un marco imponente, a orillas del r\u00edo Paran\u00e1.<\/p>\n<p>Adem\u00e1s de visitar el ic\u00f3nico Monumento a la Bandera, como parte de la experiencia tur\u00edstica y educativa, los ni\u00f1os podr\u00e1n disfrutar de al menos dos espacios culturales de esa ciudad santafesina.<\/p>\n<p>&#8220;Queremos posicionar al turismo educativo en Rosario como uno de los ejes principales&#8221;, afirm\u00f3 el secretario de Deporte y Turismo local, Adri\u00e1n Ghiglione.<\/p>\n<p>En ese sentido, dijo que con este proyecto se busca &#8220;expandir las promesas de lealtad a la bandera a todos los chicos de Argentina y generar un producto desde agosto a noviembre&#8221;.<\/p>\n<p>&#8220;Es un hecho que lo hemos concretado entre lo p\u00fablico y lo privado, que permitir\u00e1 que los ni\u00f1os y ni\u00f1as pernocten una noche en la ciudad y podamos mover la rueda econ\u00f3mica a trav\u00e9s del turismo con la hoteler\u00eda y la gastronom\u00eda&#8221;, detall\u00f3.<\/p>\n<p>Durante el mes de junio, el evento de jura a la bandera seguir\u00e1 siendo exclusivo para la regi\u00f3n y mediante la gesti\u00f3n de la secretar\u00eda de Turismo local se expandir\u00e1 la experiencia en los siguientes meses y para todos los chicos del pa\u00eds, indic\u00f3 el funcionario.<\/p>\n<p>Por su parte, la subsecretaria de esa cartera, Alejandra Matheus, explic\u00f3 que &#8220;las agencias de turismo que decidan venir a estas promesas podr\u00e1n acceder a la plataforma Viv\u00ed Santa Fe para reservar un turno&#8221;.<\/p>\n<p>La experiencia que mezcla el paseo tur\u00edstico con el recorrido educativo, propone tres circuitos distintos de martes a jueves, con un cupo de 60 chicos, a los que &#8220;cada empresa de turismo puede traer varias escuelas y reservar varios lugares por un costo de 3 mil pesos&#8221;, detall\u00f3.<\/p>\n<p>En ese sentido, la funcionaria indic\u00f3 que los circuitos contemplan, &#8220;la promesa propiamente dicha, que se realizar\u00e1 todos los mi\u00e9rcoles entre agosto y noviembre a las 10 de la ma\u00f1ana en el Patio C\u00edvico del Monumento y en caso de lluvia se traslada a la Rural&#8221;.<\/p>\n<p>&#8220;Por otro lado, podr\u00e1n acceder a uno de los tres espacios del Tr\u00edptico de la Infancia, m\u00e1s otros complementarios como pueden ser el Museo del Deporte Santafesino, el Planetario, Museo de la Democracia y otros lugares que creemos que con el tiempo se van a ir sumando&#8221;, se\u00f1al\u00f3.<\/p>\n<p>Esta iniciativa estar\u00e1 disponible a partir del pr\u00f3ximo 3 de abril en la plataforma www.vivisantafe.com.<\/p>\n","protected":false},"excerpt":{"rendered":"<p>&#8220;S\u00ed, prometo. Mi bandera, mi orgullo&#8221;, se llama la iniciativa que contar\u00e1 con la participaci\u00f3n activa de los visitantes y una recreaci\u00f3n hist\u00f3rica donde actores locales interpretar\u00e1n a Manuel Belgrano y a Catalina Echevarr\u00eda &nbsp; &nbsp; El municipio de Rosario lanz\u00f3 la iniciativa de turismo educativo &#8220;S\u00ed, prometo. Mi bandera, mi orgullo&#8221;, para que alumnos de cuarto grado de todas las escuelas del pa\u00eds tengan la oportunidad de realizar la tradicional y emblem\u00e1tica promesa a la bandera en el Monumento Nacional a la Bandera, lugar donde Manuel Belgrano la iz\u00f3&#8230;<\/p>\n","protected":false},"author":3,"featured_media":99704,"comment_status":"closed","ping_status":"closed","sticky":false,"template":"","format":"standard","meta":[],"categories":[2],"tags":[],"_links":{"self":[{"href":"https:\/\/www.actualidadadiario.com\/index.php\/wp-json\/wp\/v2\/posts\/99703"}],"collection":[{"href":"https:\/\/www.actualidadadiario.com\/index.php\/wp-json\/wp\/v2\/posts"}],"about":[{"href":"https:\/\/www.actualidadadiario.com\/index.php\/wp-json\/wp\/v2\/types\/post"}],"author":[{"embeddable":true,"href":"https:\/\/www.actualidadadiario.com\/index.php\/wp-json\/wp\/v2\/users\/3"}],"replies":[{"embeddable":true,"href":"https:\/\/www.actualidadadiario.com\/index.php\/wp-json\/wp\/v2\/comments?post=99703"}],"version-history":[{"count":1,"href":"https:\/\/www.actualidadadiario.com\/index.php\/wp-json\/wp\/v2\/posts\/99703\/revisions"}],"predecessor-version":[{"id":99705,"href":"https:\/\/www.actualidadadiario.com\/index.php\/wp-json\/wp\/v2\/posts\/99703\/revisions\/99705"}],"wp:featuredmedia":[{"embeddable":true,"href":"https:\/\/www.actualidadadiario.com\/index.php\/wp-json\/wp\/v2\/media\/99704"}],"wp:attachment":[{"href":"https:\/\/www.actualidadadiario.com\/index.php\/wp-json\/wp\/v2\/media?parent=99703"}],"wp:term":[{"taxonomy":"category","embeddable":true,"href":"https:\/\/www.actualidadadiario.com\/index.php\/wp-json\/wp\/v2\/categories?post=99703"},{"taxonomy":"post_tag","embeddable":true,"href":"https:\/\/www.actualidadadiario.com\/index.php\/wp-json\/wp\/v2\/tags?post=99703"}],"curies":[{"name":"wp","href":"https:\/\/api.w.org\/{rel}","templated":true}]}}