{"id":99693,"date":"2023-03-29T15:14:24","date_gmt":"2023-03-29T18:14:24","guid":{"rendered":"https:\/\/www.actualidadadiario.com\/?p=99693"},"modified":"2023-03-29T15:14:24","modified_gmt":"2023-03-29T18:14:24","slug":"diputados-aprobo-proyectos-que-respaldan-el-pedido-de-tarifa-diferencial-de-energia-para-entre-rios","status":"publish","type":"post","link":"https:\/\/www.actualidadadiario.com\/index.php\/2023\/03\/29\/diputados-aprobo-proyectos-que-respaldan-el-pedido-de-tarifa-diferencial-de-energia-para-entre-rios\/","title":{"rendered":"Diputados aprob\u00f3 proyectos que respaldan el pedido de tarifa diferencial de energ\u00eda para Entre R\u00edos"},"content":{"rendered":"<p style=\"text-align: center;\"><em><strong>En la sesi\u00f3n de este mi\u00e9rcoles, la C\u00e1mara de Diputados de la Provincia aprob\u00f3 tres proyectos de declaraci\u00f3n que respaldan\u00a0 la iniciativa del senador nacional Edgardo Kueider que establece beneficios en materia de energ\u00eda para Entre R\u00edos. La sesi\u00f3n fue presidida por la diputada Silvia Moreno<\/strong><\/em><\/p>\n<p>&nbsp;<\/p>\n<p>&nbsp;<\/p>\n<p>Los y las diputadas aprobaron en la sesi\u00f3n de este mi\u00e9rcoles tres proyectos de declaraci\u00f3n referidos a iniciativas presentadas a nivel nacional sobre tarifas diferenciales de energ\u00eda y solicitudes de incremento del precio que se le paga a la represa Salto Grande.<\/p>\n<p>Uno de los proyectos fue impulsado por el diputado Sergio Castrill\u00f3n (PJ) y declara de inter\u00e9s legislativo provincial el proyecto de ley presentado por el senador nacional Edgardo Kueider que dispone fijar una tarifa diferencial para la provincia de Entre R\u00edos y las provincias generadoras de energ\u00eda.<\/p>\n<p>Otra de las iniciativas es de autor\u00eda del diputado N\u00e9stor Loggio (PJ) y tambi\u00e9n establece su apoyo y adhesi\u00f3n al proyecto de ley presentado por el senador Kueider, que apunta \u201ca modificar diferentes aspectos del sistema nacional de energ\u00eda el\u00e9ctrica con beneficios importantes para toda nuestra provincia\u201d.<\/p>\n<p>La otra iniciativa fue presentada por la diputada Vanesa Castillo (PJ) y manifiesta su \u201cpreocupaci\u00f3n por los acuerdos firmados entre la Secretar\u00eda de Energ\u00eda de la Naci\u00f3n y las empresas distribuidoras del Mercado El\u00e9ctrico Mayorista (MEM), en virtud de los cuales se condonan las deudas de \u00e9stas con Cammesa.<\/p>\n<p>&nbsp;<\/p>\n<p>Otros proyectos<\/p>\n<p>En la sesi\u00f3n tambi\u00e9n se aprob\u00f3 el proyecto por el que se autoriza al Gobierno provincial a aceptar el ofrecimiento de donaci\u00f3n de un inmueble propiedad del Municipio de Gilbert (departamento Gualeguaych\u00fa)\u00a0 con destino a la construcci\u00f3n del nuevo edificio de la Escuela Secundaria N\u00ba 20 de dicha localidad.<\/p>\n<p>Tambi\u00e9n se dio luz verde a una iniciativa por la que se autoriza al Gobierno provincial a aceptar la donaci\u00f3n de un inmueble de la Municipalidad de san Benito con destino a la construcci\u00f3n de un jard\u00edn infantil.<\/p>\n<p>Luego se aprob\u00f3 un proyecto por el que se autoriza al Gobierno entrerriano a aceptar la donaci\u00f3n de un inmueble propiedad de la Municipalidad de Diamante destinado a la construcci\u00f3n de un edificio escolar de jornada extendida Nina para la Escuela Primaria N\u00ba 30 \u201cLa Concordia\u201d.<\/p>\n<p>&nbsp;<\/p>\n<p><strong>Homenajes<\/strong><\/p>\n<p>En el turno de los homenajes, el diputado Julio Solanas (PJ) rindi\u00f3 homenaje a los ca\u00eddos en la Guerra de Malvinas y destac\u00f3 que el Gobierno nacional haya puesto fin al acuerdo firmado por la administraci\u00f3n de Mauricio Macri y Gran Breta\u00f1a, a trav\u00e9s del cual la Argentina le entregaba a Londres la explotaci\u00f3n de los recursos naturales en las Islas Malvinas.<\/p>\n<p>Luego el diputado Juan Manuel Huss (PJ) tambi\u00e9n hizo referencia al nuevo aniversario de \u201cla gesta heroica de Malvinas\u201d y cuestion\u00f3 \u201cel proceso de desmalvinizaci\u00f3n\u201d que se impuso durante varios a\u00f1os.<\/p>\n<p>\u201cDesde estas bancas no solo debemos rendir homenajes, sino luchar por la soberan\u00eda de nuestras Malvinas\u201d, enfatiz\u00f3 el legislador.<\/p>\n<p>Por su parte, la diputada Carina Ramos (PJ) homenaje\u00f3 a las mujeres que tuvieron un rol preponderante en la Guerra de Malvinas: \u201cEnfermeras, profesionales, diplom\u00e1ticas que demostraron valent\u00eda y compromiso con la patria\u201d.<\/p>\n<p>Luego Mariana Farf\u00e1n (PJ) reflexion\u00f3 sobre las\u00a0 400 personas homosexuales o disidencias que fueron detenidas y desaparecidas durante la \u00faltima dictadura c\u00edvico-militar.<\/p>\n<p>En tanto, la diputada Gracia Jaroslavsky (UCR) inst\u00f3 a \u201crevisar las conductas que tuvo la sociedad en momentos hist\u00f3ricos\u201d y sostuvo: \u201cNunca me voy al olvidar cuando la Plaza de Mayo se llen\u00f3 de argentinos celebrando el inicio de la Guerra de Malvinas\u201d<\/p>\n<p>\u201cY agradeci\u00f3 a quienes lucharon en la guerra y tambi\u00e9n a quienes hicieron posible que vuelva la democracia a la Argentina\u201d. En este sentido, homenaje\u00f3 al Doctor Eduardo Solari y a todas a las personas que an\u00f3nimamente dejaron el alma, el cuerpo y a sus familias para luchar por la libertad, la dignidad y la humanidad\u201d.<\/p>\n<p>En tanto, Paola Rubattino (PJ) utiliz\u00f3 el turno de los homenajes para recordar el D\u00eda Mundial de Concienciaci\u00f3n sobre el Autismo, que se conmemora el 2 de abril. En tal sentido, abog\u00f3 por \u201cpol\u00edticas p\u00fablicas que alivien a las personas con autismo y a sus familiares\u201d.<\/p>\n","protected":false},"excerpt":{"rendered":"<p>En la sesi\u00f3n de este mi\u00e9rcoles, la C\u00e1mara de Diputados de la Provincia aprob\u00f3 tres proyectos de declaraci\u00f3n que respaldan\u00a0 la iniciativa del senador nacional Edgardo Kueider que establece beneficios en materia de energ\u00eda para Entre R\u00edos. La sesi\u00f3n fue presidida por la diputada Silvia Moreno &nbsp; &nbsp; Los y las diputadas aprobaron en la sesi\u00f3n de este mi\u00e9rcoles tres proyectos de declaraci\u00f3n referidos a iniciativas presentadas a nivel nacional sobre tarifas diferenciales de energ\u00eda y solicitudes de incremento del precio que se le paga a la represa Salto Grande&#8230;.<\/p>\n","protected":false},"author":3,"featured_media":99694,"comment_status":"closed","ping_status":"closed","sticky":false,"template":"","format":"standard","meta":[],"categories":[9,15],"tags":[],"_links":{"self":[{"href":"https:\/\/www.actualidadadiario.com\/index.php\/wp-json\/wp\/v2\/posts\/99693"}],"collection":[{"href":"https:\/\/www.actualidadadiario.com\/index.php\/wp-json\/wp\/v2\/posts"}],"about":[{"href":"https:\/\/www.actualidadadiario.com\/index.php\/wp-json\/wp\/v2\/types\/post"}],"author":[{"embeddable":true,"href":"https:\/\/www.actualidadadiario.com\/index.php\/wp-json\/wp\/v2\/users\/3"}],"replies":[{"embeddable":true,"href":"https:\/\/www.actualidadadiario.com\/index.php\/wp-json\/wp\/v2\/comments?post=99693"}],"version-history":[{"count":1,"href":"https:\/\/www.actualidadadiario.com\/index.php\/wp-json\/wp\/v2\/posts\/99693\/revisions"}],"predecessor-version":[{"id":99695,"href":"https:\/\/www.actualidadadiario.com\/index.php\/wp-json\/wp\/v2\/posts\/99693\/revisions\/99695"}],"wp:featuredmedia":[{"embeddable":true,"href":"https:\/\/www.actualidadadiario.com\/index.php\/wp-json\/wp\/v2\/media\/99694"}],"wp:attachment":[{"href":"https:\/\/www.actualidadadiario.com\/index.php\/wp-json\/wp\/v2\/media?parent=99693"}],"wp:term":[{"taxonomy":"category","embeddable":true,"href":"https:\/\/www.actualidadadiario.com\/index.php\/wp-json\/wp\/v2\/categories?post=99693"},{"taxonomy":"post_tag","embeddable":true,"href":"https:\/\/www.actualidadadiario.com\/index.php\/wp-json\/wp\/v2\/tags?post=99693"}],"curies":[{"name":"wp","href":"https:\/\/api.w.org\/{rel}","templated":true}]}}