{"id":99691,"date":"2023-03-29T15:13:40","date_gmt":"2023-03-29T18:13:40","guid":{"rendered":"https:\/\/www.actualidadadiario.com\/?p=99691"},"modified":"2023-03-29T15:13:40","modified_gmt":"2023-03-29T18:13:40","slug":"el-presidente-estara-el-viernes-en-concordia","status":"publish","type":"post","link":"https:\/\/www.actualidadadiario.com\/index.php\/2023\/03\/29\/el-presidente-estara-el-viernes-en-concordia\/","title":{"rendered":"El Presidente estar\u00e1 el viernes en Concordia"},"content":{"rendered":"<p style=\"text-align: center;\"><em><strong>El presidente Alberto Fern\u00e1ndez estar\u00e1 el pr\u00f3ximo viernes en la capital del citrus, cumpliendo la agenda que le qued\u00f3 pendiente a comienzos de mes, confirmaron fuentes oficiales. El mandatario ten\u00eda previsto actividades en la localidad, pero una lesi\u00f3n en la zona lumbar le impidi\u00f3 viajar<\/strong><\/em><\/p>\n<p>&nbsp;<\/p>\n<p>&nbsp;<\/p>\n<p>Alberto Fern\u00e1ndez llegar\u00e1 el pr\u00f3ximo viernes 31 de marzo a Concordia, una de las capitales alternativas que hab\u00eda fijado su gobierno a comienzos de gesti\u00f3n. All\u00ed ser\u00e1 recibido por el gobernador Gustavo Bordet y el intendente Enrique Cresto.<\/p>\n<p>La actividad principal del mandatario ser\u00e1 la recorrida por el relleno realizado en la zona del Campo del Abasto y la planta de tratamiento de residuos ubicados all\u00ed, indicaron las fuentes oficiales.<\/p>\n<p>Fern\u00e1ndez hab\u00eda programado esta actividad para el pasado jueves 16, pero un fuerte dolor en la zona lumbar lo oblig\u00f3 a suspender todas sus actividades. La afecci\u00f3n, producto de una hernia de disco, lo oblig\u00f3 a tener que realizarse un bloqueo radicular (infiltraci\u00f3n con analg\u00e9sicos) en el Sanatorio Otamendi de Capital Federal.<\/p>\n","protected":false},"excerpt":{"rendered":"<p>El presidente Alberto Fern\u00e1ndez estar\u00e1 el pr\u00f3ximo viernes en la capital del citrus, cumpliendo la agenda que le qued\u00f3 pendiente a comienzos de mes, confirmaron fuentes oficiales. El mandatario ten\u00eda previsto actividades en la localidad, pero una lesi\u00f3n en la zona lumbar le impidi\u00f3 viajar &nbsp; &nbsp; Alberto Fern\u00e1ndez llegar\u00e1 el pr\u00f3ximo viernes 31 de marzo a Concordia, una de las capitales alternativas que hab\u00eda fijado su gobierno a comienzos de gesti\u00f3n. All\u00ed ser\u00e1 recibido por el gobernador Gustavo Bordet y el intendente Enrique Cresto. La actividad principal del mandatario&#8230;<\/p>\n","protected":false},"author":3,"featured_media":91889,"comment_status":"closed","ping_status":"closed","sticky":false,"template":"","format":"standard","meta":[],"categories":[15],"tags":[],"_links":{"self":[{"href":"https:\/\/www.actualidadadiario.com\/index.php\/wp-json\/wp\/v2\/posts\/99691"}],"collection":[{"href":"https:\/\/www.actualidadadiario.com\/index.php\/wp-json\/wp\/v2\/posts"}],"about":[{"href":"https:\/\/www.actualidadadiario.com\/index.php\/wp-json\/wp\/v2\/types\/post"}],"author":[{"embeddable":true,"href":"https:\/\/www.actualidadadiario.com\/index.php\/wp-json\/wp\/v2\/users\/3"}],"replies":[{"embeddable":true,"href":"https:\/\/www.actualidadadiario.com\/index.php\/wp-json\/wp\/v2\/comments?post=99691"}],"version-history":[{"count":1,"href":"https:\/\/www.actualidadadiario.com\/index.php\/wp-json\/wp\/v2\/posts\/99691\/revisions"}],"predecessor-version":[{"id":99692,"href":"https:\/\/www.actualidadadiario.com\/index.php\/wp-json\/wp\/v2\/posts\/99691\/revisions\/99692"}],"wp:featuredmedia":[{"embeddable":true,"href":"https:\/\/www.actualidadadiario.com\/index.php\/wp-json\/wp\/v2\/media\/91889"}],"wp:attachment":[{"href":"https:\/\/www.actualidadadiario.com\/index.php\/wp-json\/wp\/v2\/media?parent=99691"}],"wp:term":[{"taxonomy":"category","embeddable":true,"href":"https:\/\/www.actualidadadiario.com\/index.php\/wp-json\/wp\/v2\/categories?post=99691"},{"taxonomy":"post_tag","embeddable":true,"href":"https:\/\/www.actualidadadiario.com\/index.php\/wp-json\/wp\/v2\/tags?post=99691"}],"curies":[{"name":"wp","href":"https:\/\/api.w.org\/{rel}","templated":true}]}}