{"id":99683,"date":"2023-03-29T15:11:09","date_gmt":"2023-03-29T18:11:09","guid":{"rendered":"https:\/\/www.actualidadadiario.com\/?p=99683"},"modified":"2023-03-29T15:11:09","modified_gmt":"2023-03-29T18:11:09","slug":"nacion-provincia-y-municipios-realizan-operativos-oftalmologicos-y-entrega-de-anteojos-en-entre-rios","status":"publish","type":"post","link":"https:\/\/www.actualidadadiario.com\/index.php\/2023\/03\/29\/nacion-provincia-y-municipios-realizan-operativos-oftalmologicos-y-entrega-de-anteojos-en-entre-rios\/","title":{"rendered":"Naci\u00f3n, Provincia y municipios realizan operativos oftalmol\u00f3gicos y entrega de anteojos en Entre R\u00edos"},"content":{"rendered":"<p style=\"text-align: center;\"><em><strong>Como parte del trabajo conjunto entre Naci\u00f3n, Provincia y municipios, se realizar\u00e1n 17 operativos oftalmol\u00f3gicos y entrega de anteojos en distintas localidades de la provincia, en el marco del Programa \u201cMirarnos\u201d. Esta semana, en Concordia y San Jos\u00e9<\/strong><\/em><\/p>\n<p>&nbsp;<\/p>\n<p>&nbsp;<\/p>\n<p>Los operativos comenzaron la semana pasada en Paran\u00e1 y contin\u00faan este 27, 28, 29 y 30 de marzo en Concordia y el 31 de marzo en San Jos\u00e9. Este lunes y martes, autoridades provinciales y municipales participaron del operativo en el Nido Carretera La Cruz, en Concordia, donde se realizaron controles de agudeza visual y entregaron anteojos de manera completamente gratuita.<\/p>\n<p>La subsecretaria de Pol\u00edticas Comunitarias y Territoriales del Ministerio de Desarrollo Social, Rosa Silva, destac\u00f3 la importancia del trabajo de los equipos en el territorio. A su vez, subray\u00f3: \u201cLlevar adelante estos operativos en los distintos puntos de la provincia es posible por la articulaci\u00f3n que generamos con el Ministerio de Desarrollo Social de la Naci\u00f3n, los gobiernos municipales y las asociaciones de la sociedad civil. Acercar esta pol\u00edtica p\u00fablica a las y los entrerrianos es una satisfacci\u00f3n porque permite llegar con los controles oftalmol\u00f3gicos y la entrega de anteojos a aquellas comunidades que m\u00e1s lo necesitan\u201d.<\/p>\n<p>&nbsp;<\/p>\n<p><strong>Sobre el Programa \u201cMirarnos\u201d en la provincia<\/strong><\/p>\n<p>El Programa \u201cMirarnos\u201d, desarrollado por la Secretar\u00eda de Abordaje Integral dependiente del Ministerio de Desarrollo Social de la Naci\u00f3n, se articula en la provincia a trav\u00e9s del Ministerio de Desarrollo Social en coordinaci\u00f3n con los gobiernos locales. Consiste en el recorrido de dispositivos m\u00f3viles que cuentan con equipamiento oftalmol\u00f3gico para que trabajen los profesionales y un taller especializado para producir en el momento los anteojos recetados. Por d\u00eda se producir\u00e1n alrededor de 120 anteojos. Esto supone una inversi\u00f3n superior a los 85 millones de pesos.<\/p>\n<p>La presencia de los camiones complementa la estrategia del programa dirigido a escuelas rurales que se trabaj\u00f3 en la provincia a finales del 2022 y contin\u00faa durante este a\u00f1o en La Paz, Federal, Nogoy\u00e1, Rosario del Tala, Gualeguay y Victoria. Hasta el momento, m\u00e1s de 250 anteojos fueron entregados a ni\u00f1as, ni\u00f1os y adolescentes de establecimientos de Feliciano, Villaguay e Islas del Ibicuy, gracias al trabajo articulado con el Ministerio de Salud y el Consejo General de Educaci\u00f3n (CGE).<\/p>\n<p>En la provincia de Entre R\u00edos se realizar\u00e1n 17 operativos entre marzo y abril. En detalle, el Cami\u00f3n Oftalmol\u00f3gico Mirarnos adem\u00e1s de estar en Paran\u00e1, Concordia y San Jos\u00e9, el 3, 4 y 5 de abril estar\u00e1 en Concepci\u00f3n del Uruguay; el 10 de abril en Nogoy\u00e1; el 11 de abril en General Galarza; y el 12, 13 y 14 de abril en Gualeguaych\u00fa.<\/p>\n<p>&nbsp;<\/p>\n<p><strong>Presencias<\/strong><\/p>\n<p>Junto a los equipos de la cartera Social de la provincia, tambi\u00e9n participaron de los operativos la articuladora del Centro de Referencia de Entre R\u00edos del Ministerio de Desarrollo Social de Naci\u00f3n, Jimena Osuna; la coordinadora del departamento Concordia del Ministerio de Desarrollo Social, Marcela Sbresso, y la directora de Abordaje Territorial, Luc\u00eda Vidal, entre otras autoridades locales.<\/p>\n","protected":false},"excerpt":{"rendered":"<p>Como parte del trabajo conjunto entre Naci\u00f3n, Provincia y municipios, se realizar\u00e1n 17 operativos oftalmol\u00f3gicos y entrega de anteojos en distintas localidades de la provincia, en el marco del Programa \u201cMirarnos\u201d. Esta semana, en Concordia y San Jos\u00e9 &nbsp; &nbsp; Los operativos comenzaron la semana pasada en Paran\u00e1 y contin\u00faan este 27, 28, 29 y 30 de marzo en Concordia y el 31 de marzo en San Jos\u00e9. Este lunes y martes, autoridades provinciales y municipales participaron del operativo en el Nido Carretera La Cruz, en Concordia, donde se realizaron&#8230;<\/p>\n","protected":false},"author":3,"featured_media":99684,"comment_status":"closed","ping_status":"closed","sticky":false,"template":"","format":"standard","meta":[],"categories":[15],"tags":[],"_links":{"self":[{"href":"https:\/\/www.actualidadadiario.com\/index.php\/wp-json\/wp\/v2\/posts\/99683"}],"collection":[{"href":"https:\/\/www.actualidadadiario.com\/index.php\/wp-json\/wp\/v2\/posts"}],"about":[{"href":"https:\/\/www.actualidadadiario.com\/index.php\/wp-json\/wp\/v2\/types\/post"}],"author":[{"embeddable":true,"href":"https:\/\/www.actualidadadiario.com\/index.php\/wp-json\/wp\/v2\/users\/3"}],"replies":[{"embeddable":true,"href":"https:\/\/www.actualidadadiario.com\/index.php\/wp-json\/wp\/v2\/comments?post=99683"}],"version-history":[{"count":1,"href":"https:\/\/www.actualidadadiario.com\/index.php\/wp-json\/wp\/v2\/posts\/99683\/revisions"}],"predecessor-version":[{"id":99685,"href":"https:\/\/www.actualidadadiario.com\/index.php\/wp-json\/wp\/v2\/posts\/99683\/revisions\/99685"}],"wp:featuredmedia":[{"embeddable":true,"href":"https:\/\/www.actualidadadiario.com\/index.php\/wp-json\/wp\/v2\/media\/99684"}],"wp:attachment":[{"href":"https:\/\/www.actualidadadiario.com\/index.php\/wp-json\/wp\/v2\/media?parent=99683"}],"wp:term":[{"taxonomy":"category","embeddable":true,"href":"https:\/\/www.actualidadadiario.com\/index.php\/wp-json\/wp\/v2\/categories?post=99683"},{"taxonomy":"post_tag","embeddable":true,"href":"https:\/\/www.actualidadadiario.com\/index.php\/wp-json\/wp\/v2\/tags?post=99683"}],"curies":[{"name":"wp","href":"https:\/\/api.w.org\/{rel}","templated":true}]}}