{"id":99681,"date":"2023-03-29T15:09:23","date_gmt":"2023-03-29T18:09:23","guid":{"rendered":"https:\/\/www.actualidadadiario.com\/?p=99681"},"modified":"2023-03-29T15:09:23","modified_gmt":"2023-03-29T18:09:23","slug":"covid-19-mayores-de-18-anos-podran-recibir-dosis-de-refuerzo-cada-4-meses-en-la-provincia","status":"publish","type":"post","link":"https:\/\/www.actualidadadiario.com\/index.php\/2023\/03\/29\/covid-19-mayores-de-18-anos-podran-recibir-dosis-de-refuerzo-cada-4-meses-en-la-provincia\/","title":{"rendered":"Covid-19: mayores de 18 a\u00f1os podr\u00e1n recibir dosis de refuerzo cada 4 meses en la provincia"},"content":{"rendered":"<p style=\"text-align: center;\"><em><strong>Mediante una disposici\u00f3n de la Direcci\u00f3n Nacional de Control de Enfermedades Inmunoprevenibles, se establece que se podr\u00e1n recibir nuevas dosis de refuerzo contra Covid-19 con un intervalo de cuatro meses entre cada aplicaci\u00f3n. En un primer momento, podr\u00e1n hacerlo los mayores de 18 a\u00f1os<\/strong><\/em><\/p>\n<p>&nbsp;<\/p>\n<p>&nbsp;<\/p>\n<p>En sinton\u00eda con el memor\u00e1ndum emitido por la Direcci\u00f3n de Control de Enfermedades Inmunoprevenibles (Dicei), la provincia actualiz\u00f3 los lineamientos del Plan Rector de Vacunaci\u00f3n en relaci\u00f3n a la aplicaci\u00f3n de las dosis de refuerzo. En este sentido, cabe se\u00f1alar que la cartera nacional recomienda que luego de completar el esquema primario, se apliquen los refuerzos de las vacunas contra la Covid-19, con un intervalo m\u00ednimo de cuatro meses, independientemente de la cantidad de refuerzos recibidos previamente. En primera instancia, la medida rige para los mayores de 18 a\u00f1os.<\/p>\n<p>Cabe recordar que, acompa\u00f1ando el avance de la campa\u00f1a de vacunaci\u00f3n, se fueron autorizando nuevas dosis de refuerzo. As\u00ed, con el objetivo de disminuir la morbi-mortalidad, ofrecer la m\u00e1xima protecci\u00f3n a la poblaci\u00f3n ante el aumento de casos y la introducci\u00f3n de nuevas variantes con mayor transmisibilidad, en noviembre de 2021 se sum\u00f3 a la estrategia la aplicaci\u00f3n de una primera dosis de refuerzo (que inicialmente estuvo dirigida a toda la poblaci\u00f3n de 18 a\u00f1os o m\u00e1s y luego se ampli\u00f3 a otros grupos poblacionales e incorporando segundo y tercer refuerzo).<\/p>\n<p>Con el lineamiento actual ya no hay una cantidad l\u00edmite de refuerzos, sino que se sugiere a la poblaci\u00f3n que renueve su colocaci\u00f3n de forma regular a fin de mantener un alto nivel de protecci\u00f3n. Esto se podr\u00e1 realizar independientemente de la cantidad de refuerzos recibidos previamente, priorizando a las personas con mayor riesgo, ya sea por la exposici\u00f3n laboral o por pertenecer a un grupo con riesgo de enfermar gravemente por SARS-CoV-2.<\/p>\n<p>Cabe mencionar que el equipo del Plan Rector de Vacunaci\u00f3n ya inform\u00f3 de las nuevas pautas a los directores, coordinadores departamentales, referentes de Programa Ampliado de Inmunizaciones y equipos de vacunaci\u00f3n, por lo que la recomendaci\u00f3n ya se encuentra en vigencia.<\/p>\n","protected":false},"excerpt":{"rendered":"<p>Mediante una disposici\u00f3n de la Direcci\u00f3n Nacional de Control de Enfermedades Inmunoprevenibles, se establece que se podr\u00e1n recibir nuevas dosis de refuerzo contra Covid-19 con un intervalo de cuatro meses entre cada aplicaci\u00f3n. En un primer momento, podr\u00e1n hacerlo los mayores de 18 a\u00f1os &nbsp; &nbsp; En sinton\u00eda con el memor\u00e1ndum emitido por la Direcci\u00f3n de Control de Enfermedades Inmunoprevenibles (Dicei), la provincia actualiz\u00f3 los lineamientos del Plan Rector de Vacunaci\u00f3n en relaci\u00f3n a la aplicaci\u00f3n de las dosis de refuerzo. En este sentido, cabe se\u00f1alar que la cartera nacional&#8230;<\/p>\n","protected":false},"author":3,"featured_media":79740,"comment_status":"closed","ping_status":"closed","sticky":false,"template":"","format":"standard","meta":[],"categories":[9,15],"tags":[],"_links":{"self":[{"href":"https:\/\/www.actualidadadiario.com\/index.php\/wp-json\/wp\/v2\/posts\/99681"}],"collection":[{"href":"https:\/\/www.actualidadadiario.com\/index.php\/wp-json\/wp\/v2\/posts"}],"about":[{"href":"https:\/\/www.actualidadadiario.com\/index.php\/wp-json\/wp\/v2\/types\/post"}],"author":[{"embeddable":true,"href":"https:\/\/www.actualidadadiario.com\/index.php\/wp-json\/wp\/v2\/users\/3"}],"replies":[{"embeddable":true,"href":"https:\/\/www.actualidadadiario.com\/index.php\/wp-json\/wp\/v2\/comments?post=99681"}],"version-history":[{"count":1,"href":"https:\/\/www.actualidadadiario.com\/index.php\/wp-json\/wp\/v2\/posts\/99681\/revisions"}],"predecessor-version":[{"id":99682,"href":"https:\/\/www.actualidadadiario.com\/index.php\/wp-json\/wp\/v2\/posts\/99681\/revisions\/99682"}],"wp:featuredmedia":[{"embeddable":true,"href":"https:\/\/www.actualidadadiario.com\/index.php\/wp-json\/wp\/v2\/media\/79740"}],"wp:attachment":[{"href":"https:\/\/www.actualidadadiario.com\/index.php\/wp-json\/wp\/v2\/media?parent=99681"}],"wp:term":[{"taxonomy":"category","embeddable":true,"href":"https:\/\/www.actualidadadiario.com\/index.php\/wp-json\/wp\/v2\/categories?post=99681"},{"taxonomy":"post_tag","embeddable":true,"href":"https:\/\/www.actualidadadiario.com\/index.php\/wp-json\/wp\/v2\/tags?post=99681"}],"curies":[{"name":"wp","href":"https:\/\/api.w.org\/{rel}","templated":true}]}}