{"id":99679,"date":"2023-03-29T14:49:46","date_gmt":"2023-03-29T17:49:46","guid":{"rendered":"https:\/\/www.actualidadadiario.com\/?p=99679"},"modified":"2023-03-29T14:49:46","modified_gmt":"2023-03-29T17:49:46","slug":"internaron-al-papa-francisco-para-un-control-medico-programado","status":"publish","type":"post","link":"https:\/\/www.actualidadadiario.com\/index.php\/2023\/03\/29\/internaron-al-papa-francisco-para-un-control-medico-programado\/","title":{"rendered":"Internaron al papa Francisco para un &#8220;control m\u00e9dico programado&#8221;"},"content":{"rendered":"<p style=\"text-align: center;\"><em><strong>Jorge Bergoglio fue hospitalizado este mi\u00e9rcoles para un control m\u00e9dico. Seg\u00fan informaron desde el Vaticano, lo atienden en Roma<\/strong><\/em><\/p>\n<p>&nbsp;<\/p>\n<p>&nbsp;<\/p>\n<p>El papa Francisco, de 86 a\u00f1os, fue internado este mi\u00e9rcoles en el hospital Gemelli de Roma para ser sometido a un &#8220;control m\u00e9dico programado&#8221;, seg\u00fan inform\u00f3 el Vaticano.<\/p>\n<p>&#8220;El Santo Padre se encuentra en [el hospital] Gemelli desde esta tarde para controles previamente programados&#8221;, indic\u00f3 el director de la oficina de prensa de la Santa Sede, Matteo Bruni.<\/p>\n<p>&nbsp;<\/p>\n<p><strong>Papa Francisco ante migrantes muertos en M\u00e9xico<\/strong><\/p>\n<p>Jorge Bergoglio lament\u00f3 hoy el &#8220;tr\u00e1gico incendio&#8221; que este martes dej\u00f3 al menos 38 migrantes muertos en un centro de detenci\u00f3n de M\u00e9xico y convoc\u00f3 a los fieles reunidos en Plaza San Pedro a rezar por las v\u00edctimas.<\/p>\n<p>&#8220;Recemos por los migrantes que fallecieron ayer en un tr\u00e1gico incendio en Ciudad Ju\u00e1rez, en M\u00e9xico&#8221;, pidi\u00f3 el pont\u00edfice al saludar en espa\u00f1ol a los fieles de habla hispana que siguieron la Audiencia General en Plaza San Pedro.<\/p>\n<p>&#8220;Para que el Se\u00f1or los reciba en su reino y d\u00e9 consuelo a las familias. Recemos por ellos&#8221;, agreg\u00f3 Francisco en referencia a las personas de varias nacionalidades latinoamericanas que murieron al incendiarse una estaci\u00f3n del Instituto Nacional de Migraci\u00f3n (INM) en Ciudad Ju\u00e1rez, en M\u00e9xico.<\/p>\n<p>Por su parte, el \u00faltimo balance comunicado por el Gobierno mexicano, 38 personas, incluidos migrantes colombianos, ecuatorianos, salvadore\u00f1os, guatemaltecos, hondure\u00f1os y venezolanos, murieron en el incendio.<\/p>\n<p>&nbsp;<\/p>\n<p><strong>Actividades<\/strong><\/p>\n<p>Seg\u00fan trascendi\u00f3, se enviaron 10.000 medicamentos para los damnificados del terremoto que el pasado 6 de febrero produjo m\u00e1s de 50.000 muertos en Turqu\u00eda y Siria.<\/p>\n<p>A trav\u00e9s del cardenal polaco Konrad Krajewski, titular del Dicasterio para la Caridad, Francisco envi\u00f3 en las \u00faltimas 24 horas unos 10.000 medicamentos en avi\u00f3n a la zona afectada, precis\u00f3 un comunicado del organismo dedicado a las obras de cercan\u00eda del pont\u00edfice.<\/p>\n<p>La donaci\u00f3n de esta semana se suma a la ayuda enviada por el Papa horas despu\u00e9s del terremoto que desplaz\u00f3 a casi 2 millones de personas en Turqu\u00eda, cuando la Limosner\u00eda Apost\u00f3lica envi\u00f3 alimentos enlatados, pa\u00f1ales y otros materiales para las necesidades m\u00e1s urgentes, como camisetas t\u00e9rmicas.<\/p>\n","protected":false},"excerpt":{"rendered":"<p>Jorge Bergoglio fue hospitalizado este mi\u00e9rcoles para un control m\u00e9dico. Seg\u00fan informaron desde el Vaticano, lo atienden en Roma &nbsp; &nbsp; El papa Francisco, de 86 a\u00f1os, fue internado este mi\u00e9rcoles en el hospital Gemelli de Roma para ser sometido a un &#8220;control m\u00e9dico programado&#8221;, seg\u00fan inform\u00f3 el Vaticano. &#8220;El Santo Padre se encuentra en [el hospital] Gemelli desde esta tarde para controles previamente programados&#8221;, indic\u00f3 el director de la oficina de prensa de la Santa Sede, Matteo Bruni. &nbsp; Papa Francisco ante migrantes muertos en M\u00e9xico Jorge Bergoglio lament\u00f3&#8230;<\/p>\n","protected":false},"author":3,"featured_media":99504,"comment_status":"closed","ping_status":"closed","sticky":false,"template":"","format":"standard","meta":[],"categories":[4],"tags":[],"_links":{"self":[{"href":"https:\/\/www.actualidadadiario.com\/index.php\/wp-json\/wp\/v2\/posts\/99679"}],"collection":[{"href":"https:\/\/www.actualidadadiario.com\/index.php\/wp-json\/wp\/v2\/posts"}],"about":[{"href":"https:\/\/www.actualidadadiario.com\/index.php\/wp-json\/wp\/v2\/types\/post"}],"author":[{"embeddable":true,"href":"https:\/\/www.actualidadadiario.com\/index.php\/wp-json\/wp\/v2\/users\/3"}],"replies":[{"embeddable":true,"href":"https:\/\/www.actualidadadiario.com\/index.php\/wp-json\/wp\/v2\/comments?post=99679"}],"version-history":[{"count":1,"href":"https:\/\/www.actualidadadiario.com\/index.php\/wp-json\/wp\/v2\/posts\/99679\/revisions"}],"predecessor-version":[{"id":99680,"href":"https:\/\/www.actualidadadiario.com\/index.php\/wp-json\/wp\/v2\/posts\/99679\/revisions\/99680"}],"wp:featuredmedia":[{"embeddable":true,"href":"https:\/\/www.actualidadadiario.com\/index.php\/wp-json\/wp\/v2\/media\/99504"}],"wp:attachment":[{"href":"https:\/\/www.actualidadadiario.com\/index.php\/wp-json\/wp\/v2\/media?parent=99679"}],"wp:term":[{"taxonomy":"category","embeddable":true,"href":"https:\/\/www.actualidadadiario.com\/index.php\/wp-json\/wp\/v2\/categories?post=99679"},{"taxonomy":"post_tag","embeddable":true,"href":"https:\/\/www.actualidadadiario.com\/index.php\/wp-json\/wp\/v2\/tags?post=99679"}],"curies":[{"name":"wp","href":"https:\/\/api.w.org\/{rel}","templated":true}]}}