{"id":99671,"date":"2023-03-29T14:47:49","date_gmt":"2023-03-29T17:47:49","guid":{"rendered":"https:\/\/www.actualidadadiario.com\/?p=99671"},"modified":"2023-03-29T14:47:49","modified_gmt":"2023-03-29T17:47:49","slug":"el-consejo-constitucional-de-francia-se-pronunciara-el-14-de-abril-sobre-la-validez-de-la-reforma-jubilatoria","status":"publish","type":"post","link":"https:\/\/www.actualidadadiario.com\/index.php\/2023\/03\/29\/el-consejo-constitucional-de-francia-se-pronunciara-el-14-de-abril-sobre-la-validez-de-la-reforma-jubilatoria\/","title":{"rendered":"El Consejo Constitucional de Francia se pronunciar\u00e1 el 14 de abril sobre la validez de la reforma jubilatoria"},"content":{"rendered":"<p style=\"text-align: center;\"><em><strong>La decisi\u00f3n puede poner fin a las movilizaciones y protestas que desde hace dos semanas buscan revertir la decisi\u00f3n del gobierno de Emmanuel Macron de elevar la edad jubilatoria de 62 a 64 a\u00f1os<\/strong><\/em><\/p>\n<p>&nbsp;<\/p>\n<p>&nbsp;<\/p>\n<p>El Consejo Constitucional franc\u00e9s anunci\u00f3 este mi\u00e9rcoles que su esperada decisi\u00f3n sobre la validez de la reforma de las pensiones del presidente Emmanuel Macron, que cre\u00f3 un conflicto social, tendr\u00e1 lugar el 14 de abril.<\/p>\n<p>Esta jurisdicci\u00f3n, garante de la conformidad de la ley con la Constituci\u00f3n de 1958, \u00abemitir\u00e1 sus decisiones el viernes 14 de abril al final del d\u00eda\u00bb, tras una vista oral prevista el 4 de abril, reza un comunicado.<\/p>\n<p>&nbsp;<\/p>\n<p><strong>Decreto y protestas<\/strong><\/p>\n<p>Las protestas se radicalizaron el 16 de marzo, cuando el presidente Emmanuel Macron decidi\u00f3 imponer la reforma jubilatoria por decreto, ante el temor de perder la votaci\u00f3n en el Parlamento y tras activar una serie de mecanismos legales que limitaron los debates.<\/p>\n<p>El anuncio se produce un d\u00eda despu\u00e9s de que cientos de miles de personas reclamaran en las calles, por d\u00e9cima vez desde enero, la retirada de la reforma, que retrasa la edad de jubilaci\u00f3n de 62 a 64 a\u00f1os para 2030.<\/p>\n<p>El Consejo Constitucional debe pronunciarse sobre la validez de la reforma tras recursos presentados por oponentes a la ley, y de un pedido de la oposici\u00f3n de izquierda para la convocatoria de un referendo para limitar la edad legal de jubilaci\u00f3n a 62 a\u00f1os.<\/p>\n<p>Francia se encuentra sumida en una profunda crisis social y pol\u00edtica por esta reforma, que el gobierno considera crucial para evitar un futuro d\u00e9ficit en la caja de las pensiones, pero que dos de cada tres franceses rechaza, seg\u00fan los sondeos.<\/p>\n<p>Gobierno y sindicatos aseguran buscar una salida al conflicto, pero no ceden en sus posiciones: las organizaciones sindicales piden la paralizaci\u00f3n o la retirada de la reforma, en tanto el gobierno responde que ya est\u00e1 adoptada.<\/p>\n<p>Los sindicatos convocaron para el 6 de abril a una nueva jornada de protesta contra la reforma previsional<\/p>\n<p>Tras rechazar un pedido sindical de buscar una \u00abmediaci\u00f3n\u00bb, la primera ministra, \u00c9lisabeth Borne, invit\u00f3 a los sindicatos a una reuni\u00f3n la pr\u00f3xima semana, aunque el gobierno ya advirti\u00f3 que no discutir\u00e1n sobre la edad de jubilaci\u00f3n.<\/p>\n<p>\u00abYo hablar\u00e9 de ello. Y si me dicen: \u2018No pueden hablar sobre eso\u2019, (\u2026) entonces nos marcharemos\u00bb, advirti\u00f3 hoy el l\u00edder del sindicato CFDT, Laurent Berger.<\/p>\n","protected":false},"excerpt":{"rendered":"<p>La decisi\u00f3n puede poner fin a las movilizaciones y protestas que desde hace dos semanas buscan revertir la decisi\u00f3n del gobierno de Emmanuel Macron de elevar la edad jubilatoria de 62 a 64 a\u00f1os &nbsp; &nbsp; El Consejo Constitucional franc\u00e9s anunci\u00f3 este mi\u00e9rcoles que su esperada decisi\u00f3n sobre la validez de la reforma de las pensiones del presidente Emmanuel Macron, que cre\u00f3 un conflicto social, tendr\u00e1 lugar el 14 de abril. Esta jurisdicci\u00f3n, garante de la conformidad de la ley con la Constituci\u00f3n de 1958, \u00abemitir\u00e1 sus decisiones el viernes&#8230;<\/p>\n","protected":false},"author":3,"featured_media":99597,"comment_status":"closed","ping_status":"closed","sticky":false,"template":"","format":"standard","meta":[],"categories":[4],"tags":[],"_links":{"self":[{"href":"https:\/\/www.actualidadadiario.com\/index.php\/wp-json\/wp\/v2\/posts\/99671"}],"collection":[{"href":"https:\/\/www.actualidadadiario.com\/index.php\/wp-json\/wp\/v2\/posts"}],"about":[{"href":"https:\/\/www.actualidadadiario.com\/index.php\/wp-json\/wp\/v2\/types\/post"}],"author":[{"embeddable":true,"href":"https:\/\/www.actualidadadiario.com\/index.php\/wp-json\/wp\/v2\/users\/3"}],"replies":[{"embeddable":true,"href":"https:\/\/www.actualidadadiario.com\/index.php\/wp-json\/wp\/v2\/comments?post=99671"}],"version-history":[{"count":1,"href":"https:\/\/www.actualidadadiario.com\/index.php\/wp-json\/wp\/v2\/posts\/99671\/revisions"}],"predecessor-version":[{"id":99672,"href":"https:\/\/www.actualidadadiario.com\/index.php\/wp-json\/wp\/v2\/posts\/99671\/revisions\/99672"}],"wp:featuredmedia":[{"embeddable":true,"href":"https:\/\/www.actualidadadiario.com\/index.php\/wp-json\/wp\/v2\/media\/99597"}],"wp:attachment":[{"href":"https:\/\/www.actualidadadiario.com\/index.php\/wp-json\/wp\/v2\/media?parent=99671"}],"wp:term":[{"taxonomy":"category","embeddable":true,"href":"https:\/\/www.actualidadadiario.com\/index.php\/wp-json\/wp\/v2\/categories?post=99671"},{"taxonomy":"post_tag","embeddable":true,"href":"https:\/\/www.actualidadadiario.com\/index.php\/wp-json\/wp\/v2\/tags?post=99671"}],"curies":[{"name":"wp","href":"https:\/\/api.w.org\/{rel}","templated":true}]}}