{"id":99666,"date":"2023-03-29T14:46:34","date_gmt":"2023-03-29T17:46:34","guid":{"rendered":"https:\/\/www.actualidadadiario.com\/?p=99666"},"modified":"2023-03-29T14:46:34","modified_gmt":"2023-03-29T17:46:34","slug":"las-nuevas-recomendaciones-de-la-oms-para-la-vacunacion-contra-el-coronavirus","status":"publish","type":"post","link":"https:\/\/www.actualidadadiario.com\/index.php\/2023\/03\/29\/las-nuevas-recomendaciones-de-la-oms-para-la-vacunacion-contra-el-coronavirus\/","title":{"rendered":"Las nuevas recomendaciones de la OMS para la vacunaci\u00f3n contra el coronavirus"},"content":{"rendered":"<p style=\"text-align: center;\"><em><strong>Las recomendaciones llegan en un momento en que los pa\u00edses adoptan enfoques diferentes para sus poblaciones<\/strong><\/em><\/p>\n<p>&nbsp;<\/p>\n<p>&nbsp;<\/p>\n<p>La Organizaci\u00f3n Mundial de la Salud (OMS) modific\u00f3 sus recomendaciones sobre las vacunas contra el coronavirus, sugiriendo que las poblaciones de alto riesgo reciban una dosis adicional 12 meses despu\u00e9s de su \u00faltimo refuerzo.<\/p>\n<p>El organismo sanitario defini\u00f3 como poblaciones de alto riesgo a los adultos mayores, as\u00ed como a las personas m\u00e1s j\u00f3venes con otros factores de riesgo significativos. Para este grupo, la agencia recomienda una inyecci\u00f3n adicional de la vacuna 6 o 12 meses despu\u00e9s de la \u00faltima dosis, en funci\u00f3n de factores como la edad y las condiciones de inmunocompromiso.<\/p>\n<p>La OMS defini\u00f3 el grupo que incluye a los ni\u00f1os y adolescentes sanos como de \u00abbaja prioridad\u00bb e inst\u00f3 a los pa\u00edses a tener en cuenta factores como la carga de morbilidad antes de recomendar la vacunaci\u00f3n de este grupo. Las recomendaciones llegan en un momento en que los pa\u00edses adoptan enfoques diferentes para sus poblaciones.<\/p>\n<p>Algunas naciones, como Reino Unido y Canad\u00e1, ya est\u00e1n ofreciendo a las personas de alto riesgo refuerzos de los inmunizantes en esta primavera boreal, seis meses despu\u00e9s de su \u00faltima dosis. La OMS se\u00f1al\u00f3 que se trataba de \u00abuna opci\u00f3n para un subgrupo de personas de especial riesgo, pero que sus recomendaciones pretend\u00edan ser una gu\u00eda mundial de buenas pr\u00e1cticas\u00bb, inform\u00f3 Reuters.<\/p>\n<p>La agencia se\u00f1al\u00f3 que su comit\u00e9 de expertos tambi\u00e9n hab\u00eda dicho que las vacunas de refuerzo adicionales contra el coronavirus m\u00e1s all\u00e1 de la serie inicial \u2014dos inyecciones y un refuerzo\u2014 ya no se recomiendan de forma rutinaria para las personas de \u00abriesgo medio\u00bb.<\/p>\n","protected":false},"excerpt":{"rendered":"<p>Las recomendaciones llegan en un momento en que los pa\u00edses adoptan enfoques diferentes para sus poblaciones &nbsp; &nbsp; La Organizaci\u00f3n Mundial de la Salud (OMS) modific\u00f3 sus recomendaciones sobre las vacunas contra el coronavirus, sugiriendo que las poblaciones de alto riesgo reciban una dosis adicional 12 meses despu\u00e9s de su \u00faltimo refuerzo. El organismo sanitario defini\u00f3 como poblaciones de alto riesgo a los adultos mayores, as\u00ed como a las personas m\u00e1s j\u00f3venes con otros factores de riesgo significativos. Para este grupo, la agencia recomienda una inyecci\u00f3n adicional de la vacuna&#8230;<\/p>\n","protected":false},"author":3,"featured_media":85807,"comment_status":"closed","ping_status":"closed","sticky":false,"template":"","format":"standard","meta":[],"categories":[4],"tags":[],"_links":{"self":[{"href":"https:\/\/www.actualidadadiario.com\/index.php\/wp-json\/wp\/v2\/posts\/99666"}],"collection":[{"href":"https:\/\/www.actualidadadiario.com\/index.php\/wp-json\/wp\/v2\/posts"}],"about":[{"href":"https:\/\/www.actualidadadiario.com\/index.php\/wp-json\/wp\/v2\/types\/post"}],"author":[{"embeddable":true,"href":"https:\/\/www.actualidadadiario.com\/index.php\/wp-json\/wp\/v2\/users\/3"}],"replies":[{"embeddable":true,"href":"https:\/\/www.actualidadadiario.com\/index.php\/wp-json\/wp\/v2\/comments?post=99666"}],"version-history":[{"count":1,"href":"https:\/\/www.actualidadadiario.com\/index.php\/wp-json\/wp\/v2\/posts\/99666\/revisions"}],"predecessor-version":[{"id":99667,"href":"https:\/\/www.actualidadadiario.com\/index.php\/wp-json\/wp\/v2\/posts\/99666\/revisions\/99667"}],"wp:featuredmedia":[{"embeddable":true,"href":"https:\/\/www.actualidadadiario.com\/index.php\/wp-json\/wp\/v2\/media\/85807"}],"wp:attachment":[{"href":"https:\/\/www.actualidadadiario.com\/index.php\/wp-json\/wp\/v2\/media?parent=99666"}],"wp:term":[{"taxonomy":"category","embeddable":true,"href":"https:\/\/www.actualidadadiario.com\/index.php\/wp-json\/wp\/v2\/categories?post=99666"},{"taxonomy":"post_tag","embeddable":true,"href":"https:\/\/www.actualidadadiario.com\/index.php\/wp-json\/wp\/v2\/tags?post=99666"}],"curies":[{"name":"wp","href":"https:\/\/api.w.org\/{rel}","templated":true}]}}