{"id":99663,"date":"2023-03-29T14:45:46","date_gmt":"2023-03-29T17:45:46","guid":{"rendered":"https:\/\/www.actualidadadiario.com\/?p=99663"},"modified":"2023-03-29T14:45:46","modified_gmt":"2023-03-29T17:45:46","slug":"santiago-cafiero-necesitamos-revitalizar-todos-los-vinculos-con-estados-unidos","status":"publish","type":"post","link":"https:\/\/www.actualidadadiario.com\/index.php\/2023\/03\/29\/santiago-cafiero-necesitamos-revitalizar-todos-los-vinculos-con-estados-unidos\/","title":{"rendered":"Santiago Cafiero: &#8220;Necesitamos revitalizar todos los v\u00ednculos con Estados Unidos&#8221;"},"content":{"rendered":"<p style=\"text-align: center;\"><em><strong>El canciller destac\u00f3 la necesidad de &#8220;afianzar el v\u00ednculo pol\u00edtico, con una mirada estrat\u00e9gica respecto a este contexto global de incertidumbre a partir de la guerra, la pospandemia&#8221;<\/strong><\/em><\/p>\n<p>&nbsp;<\/p>\n<p>&nbsp;<\/p>\n<p>El canciller Santiago Cafiero analiz\u00f3 este mi\u00e9rcoles por la ma\u00f1ana los temas que se abordar\u00e1n en la reuni\u00f3n bilateral que Alberto Fern\u00e1ndez mantendr\u00e1 con su par norteamericano, Joseph Biden, en el Sal\u00f3n Oval de la Casa Blanca, tras lo cual ambos mandatarios se trasladar\u00e1n a la Sala de Gabinete para participar de una reuni\u00f3n de trabajo junto a equipos t\u00e9cnicos de ambos pa\u00edses.<\/p>\n<p>En ese sentido, el canciller destac\u00f3: \u201cEstamos terminando de ultimar los detalles de una agenda de trabajo potente, ya que la administraci\u00f3n Biden est\u00e1 sentando a sus principales figuras pol\u00edticas y administrativas en la reuni\u00f3n, marcando el inter\u00e9s de que este encuentro salga bien\u201d.<\/p>\n<p>En declaraciones televisivas desde Washington DC, Cafiero afirm\u00f3 que \u201ces una posibilidad para la Argentina y Estados Unidos en este a\u00f1o que se cumplen 200 a\u00f1os de relaciones diplom\u00e1ticas, para repensar, relanzar y ajustar donde haga falta, cierta relaci\u00f3n comercial que en alg\u00fan punto se vino perdiendo\u201d.<\/p>\n<p>Con respecto al encuentro bilateral que se llevar\u00e1 a cabo esta tarde, el canciller remarc\u00f3 la importancia de \u201cafianzar el v\u00ednculo pol\u00edtico, con una mirada estrat\u00e9gica respecto a este contexto global de incertidumbre a partir de la guerra, la pospandemia, c\u00f3mo se han aumentado los precios de alimentos y energ\u00eda y tambi\u00e9n los desaf\u00edos por el cambio clim\u00e1tico y la transici\u00f3n energ\u00e9tica\u201d.<\/p>\n<p>\u201cEn todos estos sectores la Argentina tiene para aportar y puede ser un gran jugador. Nuestro pa\u00eds y Estados Unidos juntos pueden contribuir para generar \u00e1mbitos y herramientas de intercambio para potenciar la producci\u00f3n de alimentos, ya que ambos pa\u00edses son grandes productores; Argentina con Vaca Muerta proyect\u00e1ndose, aumentando el 50% los \u00faltimos a\u00f1os de producci\u00f3n de petr\u00f3leo y de gas; con empresas norteamericanas desarrollando lo que es Vaca Muerta. All\u00ed tambi\u00e9n tenemos un v\u00ednculo com\u00fan y estrat\u00e9gico para poder desarrollar energ\u00eda para el mundo en conjunto, potenciando toda la estructura que hace falta tanto para el desarrollo de petr\u00f3leo y gas como para minerales estrat\u00e9gicos\u201d, enfatiz\u00f3.<\/p>\n<p>Al respecto, Cafiero puntualiz\u00f3: \u201cNecesitamos revitalizar todos los v\u00ednculos con Estados Unidos que es un pa\u00eds involucrado en el desarrollo de la Argentina; las m\u00faltiples empresas de capitales norteamericanos que invierten en nuestro pa\u00eds tienen que tener una lectura a partir de esta reuni\u00f3n entre ambos gobiernos\u201d.<\/p>\n<p>Por \u00faltimo, el canciller asegur\u00f3: \u201cno queremos ser un pa\u00eds donde se exploten o produzcan los recursos naturales \u00fanicamente, o donde se primarice la econom\u00eda. Lo que viene planteando el presidente Fern\u00e1ndez es que Am\u00e9rica Latina, pero Argentina en particular, debe aprovechar sus recursos naturales para hacer encadenamientos de valor, que desarrollen nuestra industria\u201d.<\/p>\n<p>\u201cHay un reconocimiento pol\u00edtico al rol que Alberto Fern\u00e1ndez cumpli\u00f3 en este tiempo, en tiempos de desarmar la estructura de hostigamiento que hab\u00eda hecho la administraci\u00f3n Trump con Bolsonaro y la complicidad de Macri\u201d, remarc\u00f3 Cafiero.<\/p>\n","protected":false},"excerpt":{"rendered":"<p>El canciller destac\u00f3 la necesidad de &#8220;afianzar el v\u00ednculo pol\u00edtico, con una mirada estrat\u00e9gica respecto a este contexto global de incertidumbre a partir de la guerra, la pospandemia&#8221; &nbsp; &nbsp; El canciller Santiago Cafiero analiz\u00f3 este mi\u00e9rcoles por la ma\u00f1ana los temas que se abordar\u00e1n en la reuni\u00f3n bilateral que Alberto Fern\u00e1ndez mantendr\u00e1 con su par norteamericano, Joseph Biden, en el Sal\u00f3n Oval de la Casa Blanca, tras lo cual ambos mandatarios se trasladar\u00e1n a la Sala de Gabinete para participar de una reuni\u00f3n de trabajo junto a equipos t\u00e9cnicos&#8230;<\/p>\n","protected":false},"author":3,"featured_media":99664,"comment_status":"closed","ping_status":"closed","sticky":false,"template":"","format":"standard","meta":[],"categories":[18],"tags":[],"_links":{"self":[{"href":"https:\/\/www.actualidadadiario.com\/index.php\/wp-json\/wp\/v2\/posts\/99663"}],"collection":[{"href":"https:\/\/www.actualidadadiario.com\/index.php\/wp-json\/wp\/v2\/posts"}],"about":[{"href":"https:\/\/www.actualidadadiario.com\/index.php\/wp-json\/wp\/v2\/types\/post"}],"author":[{"embeddable":true,"href":"https:\/\/www.actualidadadiario.com\/index.php\/wp-json\/wp\/v2\/users\/3"}],"replies":[{"embeddable":true,"href":"https:\/\/www.actualidadadiario.com\/index.php\/wp-json\/wp\/v2\/comments?post=99663"}],"version-history":[{"count":1,"href":"https:\/\/www.actualidadadiario.com\/index.php\/wp-json\/wp\/v2\/posts\/99663\/revisions"}],"predecessor-version":[{"id":99665,"href":"https:\/\/www.actualidadadiario.com\/index.php\/wp-json\/wp\/v2\/posts\/99663\/revisions\/99665"}],"wp:featuredmedia":[{"embeddable":true,"href":"https:\/\/www.actualidadadiario.com\/index.php\/wp-json\/wp\/v2\/media\/99664"}],"wp:attachment":[{"href":"https:\/\/www.actualidadadiario.com\/index.php\/wp-json\/wp\/v2\/media?parent=99663"}],"wp:term":[{"taxonomy":"category","embeddable":true,"href":"https:\/\/www.actualidadadiario.com\/index.php\/wp-json\/wp\/v2\/categories?post=99663"},{"taxonomy":"post_tag","embeddable":true,"href":"https:\/\/www.actualidadadiario.com\/index.php\/wp-json\/wp\/v2\/tags?post=99663"}],"curies":[{"name":"wp","href":"https:\/\/api.w.org\/{rel}","templated":true}]}}