{"id":99655,"date":"2023-03-29T14:43:37","date_gmt":"2023-03-29T17:43:37","guid":{"rendered":"https:\/\/www.actualidadadiario.com\/?p=99655"},"modified":"2023-03-29T14:43:37","modified_gmt":"2023-03-29T17:43:37","slug":"agustin-rossi-en-diputados-argentina-tiene-mayores-niveles-de-ocupacion-en-el-interior-que-en-el-centro-del-pais","status":"publish","type":"post","link":"https:\/\/www.actualidadadiario.com\/index.php\/2023\/03\/29\/agustin-rossi-en-diputados-argentina-tiene-mayores-niveles-de-ocupacion-en-el-interior-que-en-el-centro-del-pais\/","title":{"rendered":"Agust\u00edn Rossi en Diputados: &#8220;Argentina tiene mayores niveles de ocupaci\u00f3n en el interior que en el centro del pa\u00eds&#8221;"},"content":{"rendered":"<p style=\"text-align: center;\"><em><strong>El jefe de Gabinete expone sobre la marcha del Gobierno nacional y responde preguntas de los legisladores acerca de econom\u00eda, pol\u00edtica exterior y la violencia en Rosario, entre otros puntos<\/strong><\/em><\/p>\n<p>&nbsp;<\/p>\n<p>&nbsp;<\/p>\n<p>El jefe de Gabinete, Agust\u00edn Rossi, destac\u00f3 este mi\u00e9rcoles que la Argentina tiene &#8220;mayores niveles de ocupaci\u00f3n en las provincias del interior que en el centro del pa\u00eds&#8221; y &#8220;este es un dato hist\u00f3rico definitivamente positivo&#8221;, en el primer tramo de su informe en la C\u00e1mara de Diputados, donde describe la situaci\u00f3n econ\u00f3mica que vive el pa\u00eds.<\/p>\n<p>Asimismo, al brindar su primer informe como jefe de Gabinete, Rossi describi\u00f3 que el pa\u00eds hoy &#8220;convive cuatro crisis que son la pandemia, la guerra, la sequ\u00eda y el endeudamiento con el Fondo Monetario&#8221;, y subray\u00f3 que la inversi\u00f3n extranjera &#8220;supera los registros entre 2015 y el 2019&#8221;.<\/p>\n<p>El jefe de Gabinete destac\u00f3 que el Gobierno haya dado &#8220;por terminado el acuerdo Foradori-Duncan&#8221; firmado con Gran Breta\u00f1a durante la gesti\u00f3n de Mauricio Macri, dijo que &#8220;son esas cosas que nunca deber\u00edan haber existido&#8221; y record\u00f3 que fue presentado &#8220;como comunicado conjunto para evitar tratamiento en el Congreso&#8221;.<\/p>\n<p>&#8220;Ese acuerdo nada tiene que ver con nuestras hist\u00f3ricas posiciones sobre Malvinas&#8221;, dijo Rossi.<\/p>\n<p>&nbsp;<\/p>\n<p><strong>El primer informe desde que asumi\u00f3 como jefe de Gabinete <\/strong><\/p>\n<p>La sesi\u00f3n informativa de la C\u00e1mara de Diputados comenz\u00f3 pasadas las 11 y se extender\u00e1 al menos por unas 6 horas, durante las cuales el funcionario responder\u00e1 las preguntas de legisladores y legisladoras de los diferentes bloques parlamentarios.<\/p>\n<p>Rossi se presenta en la C\u00e1mara baja por primera vez desde que asumi\u00f3 como jefe de Gabinete el 15 de febrero pasado, tras la renuncia de Juan Manzur, quien volvi\u00f3 a Tucum\u00e1n como gobernador.<\/p>\n<p>Como paso previo, la Jefatura de Gabinete entreg\u00f3 este martes a la C\u00e1mara de Diputados el documento que contiene respuestas a las 3477 preguntas realizadas por los integrantes de la C\u00e1mara baja, que aborda principalmente temas vinculados con las \u00e1reas de econom\u00eda, seguridad y educaci\u00f3n.<\/p>\n<p>Seg\u00fan el an\u00e1lisis realizado por la Subsecretar\u00eda de Asuntos Parlamentarios, en el informe escrito n\u00famero 135 de la Jefatura de Gabinete, el Ministerio de Econom\u00eda fue el organismo que m\u00e1s preguntas recibi\u00f3, seguido por las carteras de Seguridad, Educaci\u00f3n, Justicia y Derechos Humanos, y Desarrollo Social.<\/p>\n<p>En tanto, este mi\u00e9rcoles, tras exponer su informe, Rossi responder\u00e1 las preguntas que le formulen los diputados y que estar\u00e1n centradas, principalmente, en la marcha de la econom\u00eda, la pol\u00edtica exterior y la situaci\u00f3n que atraviesa Rosario, entre otros temas.<\/p>\n<p>De esta manera, el dirigente vuelve a la C\u00e1mara de Diputados -donde fue legislador y jefe de la bancada oficialista-, en esta oportunidad como jefe de Gabinete, en cumplimiento del art\u00edculo 101 de la Constituci\u00f3n, que establece que el funcionario que ocupe ese cargo debe concurrir al Congreso al menos una vez por mes, alternativamente a cada una de sus c\u00e1maras, para informar de la marcha del Gobierno.<\/p>\n<p>Rossi fue jefe del bloque de diputados durante los gobiernos de N\u00e9stor Kirchner y Cristina Fern\u00e1ndez de Kirchner; tambi\u00e9n se desempe\u00f1\u00f3 como ministro de Defensa en dos oportunidades (entre mayo de 2013 y diciembre de 2015, y entre diciembre de 2019 y agosto de 2021), en tanto que desde junio del a\u00f1o pasado hasta febrero \u00faltimo estuvo a cargo de la Agencia Federal de Inteligencia (AFI).<\/p>\n<p>Con su exposici\u00f3n ante Diputados, el funcionario cumplir\u00eda en t\u00e9rmino con su obligaci\u00f3n constitucional de asistir a informar al Parlamento, a poco m\u00e1s de un mes de haber asumido y dentro del plazo legal, teniendo en cuenta que el per\u00edodo de sesiones ordinarias se inici\u00f3 el 1 de marzo.<\/p>\n<p>Fuentes parlamentarias de la alianza opositora Juntos por el Cambio (JxC) adelantaron que ese bloque har\u00e1 hincapi\u00e9 en el alcance de los DNU de pesificaci\u00f3n de los activos en d\u00f3lares del Fondo de Garant\u00eda y Sustentabilidad (FGS) que, seg\u00fan dijeron, &#8220;descapitalizan los ahorros de los jubilados y trabajadores activos&#8221;, adem\u00e1s de la pol\u00edtica exterior y los \u00edndices de inflaci\u00f3n, entre otros puntos.<\/p>\n<p>El lunes pasado, diputados nacionales de Juntos por el Cambio presentaron dos proyectos mediante los cuales proponen la derogaci\u00f3n de los decretos de necesidad y urgencia que establecieron el canje de deuda en organismos p\u00fablicos.<\/p>\n<p>Las fuentes adelantaron que entre las 3.500 preguntas que fueron enviadas a la Jefatura de Gabinete, la mayor\u00eda apunta a la crisis que atraviesa la ciudad santafesina de Rosario por la violencia narco.<\/p>\n<p>Desde el Interbloque Federal, que preside Alejandro &#8220;Topo&#8221; Rodr\u00edguez, pusieron foco en preguntas relacionadas con la &#8220;producci\u00f3n agroindustrial, la situaci\u00f3n de la inseguridad y la alta criminalidad en la provincia de Santa Fe, el costo del transporte p\u00fablico en las provincias argentinas y la cuesti\u00f3n ambiental&#8221;.<\/p>\n<p>El \u00faltimo jefe de Gabinete en asistir al Parlamento fue Manzur, quien se present\u00f3 en el Congreso dos veces durante su gesti\u00f3n: el 2 de junio de 2022 ante el Senado y el 14 de septiembre ante Diputados, adem\u00e1s de realizar algunas exposiciones por escrito en otras fechas.<\/p>\n<p>&nbsp;<\/p>\n<p><strong>Ejes y preguntas <\/strong><\/p>\n<p>Con su exposici\u00f3n ante Diputados, el funcionario cumplir\u00eda en t\u00e9rmino con su obligaci\u00f3n constitucional de asistir a informar al Parlamento, a poco m\u00e1s de un mes de haber asumido y dentro del plazo legal, teniendo en cuenta que el per\u00edodo de sesiones ordinarias se inici\u00f3 el 1 de marzo.<\/p>\n<p>Fuentes parlamentarias de la alianza opositora Juntos por el Cambio (JxC) adelantaron que ese bloque har\u00e1 hincapi\u00e9 en el alcance de los DNU de pesificaci\u00f3n de los activos en d\u00f3lares del Fondo de Garant\u00eda y Sustentabilidad (FGS) que, seg\u00fan dijeron, &#8220;descapitalizan los ahorros de los jubilados y trabajadores activos&#8221;, adem\u00e1s de la pol\u00edtica exterior y los \u00edndices de inflaci\u00f3n, entre otros puntos.<\/p>\n<p>El lunes diputados nacionales de Juntos por el Cambio presentaron dos proyectos mediante los cuales proponen la derogaci\u00f3n de los decretos de necesidad y urgencia que establecieron el canje de deuda en organismos p\u00fablicos.<\/p>\n<p>Las fuentes adelantaron que entre las 3.500 preguntas que fueron enviadas a la Jefatura de Gabinete, la mayor\u00eda apunta a la crisis que atraviesa la ciudad santafesina de Rosario por la violencia narco.<\/p>\n<p>Desde el Interbloque Federal, que preside Alejandro &#8220;Topo&#8221; Rodr\u00edguez, pusieron foco en preguntas relacionadas con la &#8220;producci\u00f3n agroindustrial, la situaci\u00f3n de la inseguridad y la alta criminalidad en la provincia de Santa Fe, el costo del transporte p\u00fablico en las provincias argentinas y la cuesti\u00f3n ambiental&#8221;.<\/p>\n<p>El \u00faltimo jefe de Gabinete en asistir al Parlamento fue Manzur, quien se present\u00f3 en el Congreso dos veces durante su gesti\u00f3n: el 2 de junio de 2022 ante el Senado y el 14 de septiembre ante Diputados, aunque adem\u00e1s realiz\u00f3 algunas exposiciones por escrito en otras fechas.<\/p>\n","protected":false},"excerpt":{"rendered":"<p>El jefe de Gabinete expone sobre la marcha del Gobierno nacional y responde preguntas de los legisladores acerca de econom\u00eda, pol\u00edtica exterior y la violencia en Rosario, entre otros puntos &nbsp; &nbsp; El jefe de Gabinete, Agust\u00edn Rossi, destac\u00f3 este mi\u00e9rcoles que la Argentina tiene &#8220;mayores niveles de ocupaci\u00f3n en las provincias del interior que en el centro del pa\u00eds&#8221; y &#8220;este es un dato hist\u00f3rico definitivamente positivo&#8221;, en el primer tramo de su informe en la C\u00e1mara de Diputados, donde describe la situaci\u00f3n econ\u00f3mica que vive el pa\u00eds. Asimismo,&#8230;<\/p>\n","protected":false},"author":3,"featured_media":99656,"comment_status":"closed","ping_status":"closed","sticky":false,"template":"","format":"standard","meta":[],"categories":[18],"tags":[],"_links":{"self":[{"href":"https:\/\/www.actualidadadiario.com\/index.php\/wp-json\/wp\/v2\/posts\/99655"}],"collection":[{"href":"https:\/\/www.actualidadadiario.com\/index.php\/wp-json\/wp\/v2\/posts"}],"about":[{"href":"https:\/\/www.actualidadadiario.com\/index.php\/wp-json\/wp\/v2\/types\/post"}],"author":[{"embeddable":true,"href":"https:\/\/www.actualidadadiario.com\/index.php\/wp-json\/wp\/v2\/users\/3"}],"replies":[{"embeddable":true,"href":"https:\/\/www.actualidadadiario.com\/index.php\/wp-json\/wp\/v2\/comments?post=99655"}],"version-history":[{"count":1,"href":"https:\/\/www.actualidadadiario.com\/index.php\/wp-json\/wp\/v2\/posts\/99655\/revisions"}],"predecessor-version":[{"id":99657,"href":"https:\/\/www.actualidadadiario.com\/index.php\/wp-json\/wp\/v2\/posts\/99655\/revisions\/99657"}],"wp:featuredmedia":[{"embeddable":true,"href":"https:\/\/www.actualidadadiario.com\/index.php\/wp-json\/wp\/v2\/media\/99656"}],"wp:attachment":[{"href":"https:\/\/www.actualidadadiario.com\/index.php\/wp-json\/wp\/v2\/media?parent=99655"}],"wp:term":[{"taxonomy":"category","embeddable":true,"href":"https:\/\/www.actualidadadiario.com\/index.php\/wp-json\/wp\/v2\/categories?post=99655"},{"taxonomy":"post_tag","embeddable":true,"href":"https:\/\/www.actualidadadiario.com\/index.php\/wp-json\/wp\/v2\/tags?post=99655"}],"curies":[{"name":"wp","href":"https:\/\/api.w.org\/{rel}","templated":true}]}}