{"id":99644,"date":"2023-03-29T14:38:53","date_gmt":"2023-03-29T17:38:53","guid":{"rendered":"https:\/\/www.actualidadadiario.com\/?p=99644"},"modified":"2023-03-29T14:38:53","modified_gmt":"2023-03-29T17:38:53","slug":"los-temas-que-abordaran-fernandez-y-biden-en-la-casa-blanca","status":"publish","type":"post","link":"https:\/\/www.actualidadadiario.com\/index.php\/2023\/03\/29\/los-temas-que-abordaran-fernandez-y-biden-en-la-casa-blanca\/","title":{"rendered":"Los temas que abordar\u00e1n Fern\u00e1ndez y Biden en la Casa Blanca"},"content":{"rendered":"<p style=\"text-align: center;\"><em><strong>Los presidentes tuvieron dos encuentros presenciales el a\u00f1o pasado, en saludos protocolares en el G7 en Alemania y en la Cumbre de las Am\u00e9ricas. Hoy se ver\u00e1n en privado y luego se les sumar\u00e1n las delegaciones<\/strong><\/em><\/p>\n<p>&nbsp;<\/p>\n<p>&nbsp;<\/p>\n<p>El presidente Alberto Fern\u00e1ndez mantendr\u00e1 este mi\u00e9rcoles una reuni\u00f3n bilateral &#8220;a agenda abierta&#8221; con su par estadounidense, Joseph Biden, en la que se plantear\u00e1n los efectos econ\u00f3micos negativos generados por la sequ\u00eda en el pa\u00eds y se analizar\u00e1n asuntos de inter\u00e9s bilateral como el cambio clim\u00e1tico, tecnolog\u00eda, inclusi\u00f3n, democracia y derechos humanos.<\/p>\n<p>Tras el arribo a las 14.40 hora local (15.40 de la Argentina) a la residencia presidencial norteamericana, el presidente argentino firmar\u00e1 el Libro de Visitas de la Casa Blanca; luego, ambos mandatarios brindar\u00e1n una declaraci\u00f3n conjunta a la prensa acreditada.<\/p>\n<p>A continuaci\u00f3n, Fern\u00e1ndez y Biden mantendr\u00e1n el encuentro en el Sal\u00f3n Oval, bajo el sistema 1+1, es decir s\u00f3lo con la presencia de ambos mandatarios.<\/p>\n<p>Por \u00faltimo, los Presidentes se trasladar\u00e1n a la Sala de Gabinete en donde compartir\u00e1n una reuni\u00f3n de trabajo con las delegaciones de los dos pa\u00edses.<\/p>\n<p>Tambi\u00e9n se sumar\u00e1n el canciller Santiago Cafiero; el secretario General de la Presidencia, Julio Vitobello; la portavoz de la Presidencia, Gabriela Cerruti; los jefes de Gabinete de Canciller\u00eda, Luciana Tito, y de Econom\u00eda, Leonardo Madcur, y el embajador argentino en Estados Unidos, Jorge Arg\u00fcello.<\/p>\n<p>La comitiva estadounidense estar\u00e1 compuesta por el secretario de Estado, Antony Blinken; la secretaria del Tesoro, Janet Yellen; el asesor de Seguridad Nacional, Jake Sullivan; el subsecretario de Estado para el Hemisferio Occidental, Brian Nichols; el asesor especial para Am\u00e9rica Latina, Juan Gonz\u00e1lez; el encargado de Argentina y Cono Sur, Lorenzo Harris; y el embajador de Estados Unidos en Argentina, Marc Stanley.<\/p>\n<p>&#8220;Son los funcionarios m\u00e1s importantes del Gobierno de Estados Unidos, as\u00ed que estamos muy conformes&#8221;, resaltaron ayer en la delegaci\u00f3n argentina.<\/p>\n<p>El mandatario argentino plantear\u00e1 el tema de la sequ\u00eda en la Argentina como problema para el ingreso de d\u00f3lares al pa\u00eds por la ca\u00edda de las exportaciones en la pr\u00f3xima cosecha, se\u00f1alaron fuentes de la comitiva que acompa\u00f1a al jefe de Estado.<\/p>\n<p>Estados Unidos no tiene intenciones de cambiar su sistema financiero, pero el jefe de Estado argentino sabe de la posici\u00f3n &#8220;influyente&#8221; que tiene Washington en los organismos multilaterales de cr\u00e9dito.<\/p>\n<p>No obstante, las fuentes aclararon que &#8220;es una reuni\u00f3n de dos presidentes para hablar de distintos temas, no el pedido de cosas de uno sobre otro&#8221;.<\/p>\n<p>En el Gobierno remarcan que la Casa Blanca &#8220;quiere la estabilidad econ\u00f3mica&#8221; del pa\u00eds y valora que la Argentina &#8220;sea un pilar de estabilidad en la regi\u00f3n, pol\u00edtica e institucional&#8221;.<\/p>\n<p>Adem\u00e1s, Fern\u00e1ndez y Biden &#8220;celebrar\u00e1n los 200 a\u00f1os de relaciones bilaterales&#8221; y &#8220;reiterar\u00e1n la solidez de la asociaci\u00f3n entre Estados Unidos y Argentina&#8221; con una agenda que abordar\u00e1 c\u00f3mo &#8220;continuar asoci\u00e1ndose para abordar los desaf\u00edos globales&#8221;, seg\u00fan anunci\u00f3 el domingo por la noche la Casa Blanca desde su sitio oficial, a trav\u00e9s de un anuncio de la secretaria de prensa de la administraci\u00f3n dem\u00f3crata, Karine Jean-Pierre.<\/p>\n<p>En el temario a tratar por los dos jefes de Estado aparecen &#8220;los minerales cr\u00edticos, el cambio clim\u00e1tico, el espacio y la tecnolog\u00eda&#8221;, como tambi\u00e9n &#8220;la cooperaci\u00f3n econ\u00f3mica&#8221; y los &#8220;valores compartidos de inclusi\u00f3n, democracia y la protecci\u00f3n de los derechos humanos&#8221;, ampli\u00f3 la vocera.<\/p>\n<p>Fern\u00e1ndez y Biden tuvieron dos encuentros presenciales el a\u00f1o pasado, en saludos protocolares en el G7 en Alemania y en la Cumbre de las Am\u00e9ricas, aunque en esta ocasi\u00f3n el mandatario argentino le espet\u00f3 al estadounidense no haber invitado a ese encuentro en Los \u00c1ngeles a Venezuela, Cuba y Nicaragua.<\/p>\n<p>En el Gobierno remarcan que la Casa Blanca &#8220;quiere la estabilidad econ\u00f3mica&#8221; del pa\u00eds y valora que la Argentina &#8220;sea un pilar de estabilidad en la regi\u00f3n, pol\u00edtica e institucional&#8221;.<\/p>\n<p>Adem\u00e1s, Fern\u00e1ndez y Biden &#8220;celebrar\u00e1n los 200 a\u00f1os de relaciones bilaterales&#8221; y &#8220;reiterar\u00e1n la solidez de la asociaci\u00f3n entre Estados Unidos y Argentina&#8221; con una agenda que abordar\u00e1 c\u00f3mo &#8220;continuar asoci\u00e1ndose para abordar los desaf\u00edos globales&#8221;, seg\u00fan anunci\u00f3 el domingo por la noche la Casa Blanca desde su sitio oficial, a trav\u00e9s de un anuncio de la secretaria de prensa de la administraci\u00f3n dem\u00f3crata, Karine Jean-Pierre.<\/p>\n<p>En el temario a tratar por los dos jefes de Estado aparecen &#8220;los minerales cr\u00edticos, el cambio clim\u00e1tico, el espacio y la tecnolog\u00eda&#8221;, como tambi\u00e9n &#8220;la cooperaci\u00f3n econ\u00f3mica&#8221; y los &#8220;valores compartidos de inclusi\u00f3n, democracia y la protecci\u00f3n de los derechos humanos&#8221;, ampli\u00f3 la vocera.<\/p>\n<p>Fern\u00e1ndez dialog\u00f3 con su par del Gobierno de Espa\u00f1a, Pedro S\u00e1nchez, en la reciente XXVIII Cumbre Iberoamericana de Jefes y Jefas de Estado y Gobierno en Santo Domingo, Rep\u00fablica Dominicana, precisamente sobre &#8220;c\u00f3mo terminan los bancos&#8221; en &#8220;un sistema agotado que cada 15 a\u00f1os nos pone a todos en ascuas&#8221;, sostienen cerca del mandatario argentino.<\/p>\n<p>Lo dicen en referencia a las &#8220;burbujas financieras que buscan el socorro al estallido&#8221;.<\/p>\n<p>Inclusive, el Alto Representante de la Uni\u00f3n Europea para Asuntos Exteriores y Pol\u00edtica de Seguridad, Josep Borrell, tom\u00f3 en su discurso &#8220;muchas de las cosas&#8221; que dijo el Presidente argentino, porque comparti\u00f3 la mirada &#8220;del cambio en la globalizaci\u00f3n&#8221;, apuntaron las fuentes, con una frase resonante en la que se\u00f1al\u00f3 que &#8220;la b\u00fasqueda de mano de obra barata sali\u00f3 muy cara&#8221;.<\/p>\n<p>Fern\u00e1ndez y Biden tuvieron dos encuentros presenciales el a\u00f1o pasado, en saludos protocolares en el G7 en Alemania y en la Cumbre de las Am\u00e9ricas, aunque en esta ocasi\u00f3n el mandatario argentino le espet\u00f3 al estadounidense no haber invitado a ese encuentro en Los \u00c1ngeles a Venezuela, Cuba y Nicaragua.<\/p>\n<p>En el G20 en Indonesia a Fern\u00e1ndez lo reemplaz\u00f3 Santiago Cafiero, luego de que el mandatario sufriera una gastritis erosiva con signos de sangrado, y fue el ministro de Relaciones Exteriores, Comercio Internacional y Culto el que entabl\u00f3 unas palabras con Biden, donde marcaron la importancia de construir &#8220;una agenda positiva&#8221; para Am\u00e9rica Latina.<\/p>\n<p>Adem\u00e1s, Massa firm\u00f3 el 5 diciembre \u00faltimo con el embajador de los Estados Unidos en la Argentina, Marc Stanley, un acuerdo de intercambio de informaci\u00f3n en materia tributaria que permitir\u00e1 tener acceso a los movimientos de las cuentas de argentinos en ese pa\u00eds.<\/p>\n<p>Como complemento de este entendimiento, el Gobierno enviar\u00e1 al Congreso para su tratamiento un proyecto que &#8220;promueva la exteriorizaci\u00f3n y castigue con toda la fuerza de la ley a aquellos que no blanqueen&#8221;, se\u00f1al\u00f3 el ministro en aquel momento.<\/p>\n<p>El 12 de septiembre, d\u00edas despu\u00e9s de haber asumido la cartera econ\u00f3mica, Massa hizo un viaje a Washington y se entrevist\u00f3 con la Directora Gerenta del Fondo Monetario Internacional (FMI), Kristalina Georgieva, con quien luego se reuni\u00f3 en la cumbre de ministros de finanzas del G20, el 23 de febrero en India.<\/p>\n<p>All\u00ed tambi\u00e9n Massa mantuvo un encuentro con el subsecretario de Asuntos Internacionales del Departamento del Tesoro de Estados Unidos, Jay Shambaugh, con el objetivo de dialogar sobre la situaci\u00f3n financiera internacional, los avances en el programa econ\u00f3mico y en la revisi\u00f3n del acuerdo con el FMI.<\/p>\n<p>Las buenas relaciones con Estados Unidos quedaron plasmadas tambi\u00e9n el 27 de enero, con un encuentro entre Cafiero y Stanley con motivo de la celebraci\u00f3n de 200 a\u00f1os de relaciones diplom\u00e1ticas entre ambas naciones.<\/p>\n<p>El encuentro de Fern\u00e1ndez con Biden se iba a realizar originalmente a finales de julio del 2022 pero por entonces el mandatario norteamericano hab\u00eda dado positivo en un test de coronavirus.<\/p>\n<p>Con posterioridad, la agenda electoral de los Estados Unidos durante el a\u00f1o pasado fue dilatando la realizaci\u00f3n de la bilateral, que se confirm\u00f3 finalmente el domingo \u00faltimo.<\/p>\n","protected":false},"excerpt":{"rendered":"<p>Los presidentes tuvieron dos encuentros presenciales el a\u00f1o pasado, en saludos protocolares en el G7 en Alemania y en la Cumbre de las Am\u00e9ricas. Hoy se ver\u00e1n en privado y luego se les sumar\u00e1n las delegaciones &nbsp; &nbsp; El presidente Alberto Fern\u00e1ndez mantendr\u00e1 este mi\u00e9rcoles una reuni\u00f3n bilateral &#8220;a agenda abierta&#8221; con su par estadounidense, Joseph Biden, en la que se plantear\u00e1n los efectos econ\u00f3micos negativos generados por la sequ\u00eda en el pa\u00eds y se analizar\u00e1n asuntos de inter\u00e9s bilateral como el cambio clim\u00e1tico, tecnolog\u00eda, inclusi\u00f3n, democracia y derechos humanos&#8230;.<\/p>\n","protected":false},"author":3,"featured_media":99451,"comment_status":"closed","ping_status":"closed","sticky":false,"template":"","format":"standard","meta":[],"categories":[9],"tags":[],"_links":{"self":[{"href":"https:\/\/www.actualidadadiario.com\/index.php\/wp-json\/wp\/v2\/posts\/99644"}],"collection":[{"href":"https:\/\/www.actualidadadiario.com\/index.php\/wp-json\/wp\/v2\/posts"}],"about":[{"href":"https:\/\/www.actualidadadiario.com\/index.php\/wp-json\/wp\/v2\/types\/post"}],"author":[{"embeddable":true,"href":"https:\/\/www.actualidadadiario.com\/index.php\/wp-json\/wp\/v2\/users\/3"}],"replies":[{"embeddable":true,"href":"https:\/\/www.actualidadadiario.com\/index.php\/wp-json\/wp\/v2\/comments?post=99644"}],"version-history":[{"count":1,"href":"https:\/\/www.actualidadadiario.com\/index.php\/wp-json\/wp\/v2\/posts\/99644\/revisions"}],"predecessor-version":[{"id":99645,"href":"https:\/\/www.actualidadadiario.com\/index.php\/wp-json\/wp\/v2\/posts\/99644\/revisions\/99645"}],"wp:featuredmedia":[{"embeddable":true,"href":"https:\/\/www.actualidadadiario.com\/index.php\/wp-json\/wp\/v2\/media\/99451"}],"wp:attachment":[{"href":"https:\/\/www.actualidadadiario.com\/index.php\/wp-json\/wp\/v2\/media?parent=99644"}],"wp:term":[{"taxonomy":"category","embeddable":true,"href":"https:\/\/www.actualidadadiario.com\/index.php\/wp-json\/wp\/v2\/categories?post=99644"},{"taxonomy":"post_tag","embeddable":true,"href":"https:\/\/www.actualidadadiario.com\/index.php\/wp-json\/wp\/v2\/tags?post=99644"}],"curies":[{"name":"wp","href":"https:\/\/api.w.org\/{rel}","templated":true}]}}