{"id":99640,"date":"2023-03-29T14:37:29","date_gmt":"2023-03-29T17:37:29","guid":{"rendered":"https:\/\/www.actualidadadiario.com\/?p=99640"},"modified":"2023-03-29T14:37:29","modified_gmt":"2023-03-29T17:37:29","slug":"el-5-de-abril-potenciar-trabajo-recibe-bono-y-aumento-confirmado","status":"publish","type":"post","link":"https:\/\/www.actualidadadiario.com\/index.php\/2023\/03\/29\/el-5-de-abril-potenciar-trabajo-recibe-bono-y-aumento-confirmado\/","title":{"rendered":"El 5 de abril, Potenciar Trabajo recibe bono y aumento confirmado"},"content":{"rendered":"<p style=\"text-align: center;\"><em><strong>Titulares del Potenciar Trabajo cobran con aumento en abril por la actualizaci\u00f3n anterior del Salario M\u00ednimo Complementario. Adem\u00e1s, reciben el bono confirmado por el Ministerio de Desarrollo Social. Entonces, \u00bfcu\u00e1nto cobro en total?<\/strong><\/em><\/p>\n<p>&nbsp;<\/p>\n<p>&nbsp;<\/p>\n<p>&nbsp;<\/p>\n<p>El Potenciar Trabajo implica un pago del llamado salario social complementario que equivale al 50% del SMVM.<\/p>\n<p>A partir de abril impacta un nuevo tramo del aumento del 20% que fue concretado en la negociaci\u00f3n anterior efectuada por el Consejo del Salario. El incremento pactado es de un 3% correspondiente a marzo, que impacta reci\u00e9n en abril en la prestaci\u00f3n.<\/p>\n<p>&nbsp;<\/p>\n<p><strong>Potenciar Trabajo recibe bono y aumento confirmado: \u00bfcu\u00e1nto cobra?<\/strong><\/p>\n<p>Por ello, desde abril, los beneficiarios cobrar\u00e1n con los siguientes aumentos que con el bono confirmado.<\/p>\n<p>&nbsp;<\/p>\n<p><strong>Es decir que:<\/strong><\/p>\n<p>En abril, con el aumento del 3%, los titulares de Potenciar Trabajo cobran: $34.750<\/p>\n<p>M\u00e1s el bono ya informado por el Ministerio de Desarrollo Social de: $17.375<\/p>\n<p>&nbsp;<\/p>\n<p><strong>Fecha de cobro del Potenciar Trabajo con aumento y bono<\/strong><\/p>\n<p>Como todos los meses, los titulares de Potenciar Trabajo cobran el d\u00eda 5 de cada mes.<\/p>\n<p>Entonces, el 5 de abril acceder\u00e1n en total de $52.125.<\/p>\n","protected":false},"excerpt":{"rendered":"<p>Titulares del Potenciar Trabajo cobran con aumento en abril por la actualizaci\u00f3n anterior del Salario M\u00ednimo Complementario. Adem\u00e1s, reciben el bono confirmado por el Ministerio de Desarrollo Social. Entonces, \u00bfcu\u00e1nto cobro en total? &nbsp; &nbsp; &nbsp; El Potenciar Trabajo implica un pago del llamado salario social complementario que equivale al 50% del SMVM. A partir de abril impacta un nuevo tramo del aumento del 20% que fue concretado en la negociaci\u00f3n anterior efectuada por el Consejo del Salario. El incremento pactado es de un 3% correspondiente a marzo, que impacta&#8230;<\/p>\n","protected":false},"author":3,"featured_media":95260,"comment_status":"closed","ping_status":"closed","sticky":false,"template":"","format":"standard","meta":[],"categories":[2],"tags":[],"_links":{"self":[{"href":"https:\/\/www.actualidadadiario.com\/index.php\/wp-json\/wp\/v2\/posts\/99640"}],"collection":[{"href":"https:\/\/www.actualidadadiario.com\/index.php\/wp-json\/wp\/v2\/posts"}],"about":[{"href":"https:\/\/www.actualidadadiario.com\/index.php\/wp-json\/wp\/v2\/types\/post"}],"author":[{"embeddable":true,"href":"https:\/\/www.actualidadadiario.com\/index.php\/wp-json\/wp\/v2\/users\/3"}],"replies":[{"embeddable":true,"href":"https:\/\/www.actualidadadiario.com\/index.php\/wp-json\/wp\/v2\/comments?post=99640"}],"version-history":[{"count":1,"href":"https:\/\/www.actualidadadiario.com\/index.php\/wp-json\/wp\/v2\/posts\/99640\/revisions"}],"predecessor-version":[{"id":99641,"href":"https:\/\/www.actualidadadiario.com\/index.php\/wp-json\/wp\/v2\/posts\/99640\/revisions\/99641"}],"wp:featuredmedia":[{"embeddable":true,"href":"https:\/\/www.actualidadadiario.com\/index.php\/wp-json\/wp\/v2\/media\/95260"}],"wp:attachment":[{"href":"https:\/\/www.actualidadadiario.com\/index.php\/wp-json\/wp\/v2\/media?parent=99640"}],"wp:term":[{"taxonomy":"category","embeddable":true,"href":"https:\/\/www.actualidadadiario.com\/index.php\/wp-json\/wp\/v2\/categories?post=99640"},{"taxonomy":"post_tag","embeddable":true,"href":"https:\/\/www.actualidadadiario.com\/index.php\/wp-json\/wp\/v2\/tags?post=99640"}],"curies":[{"name":"wp","href":"https:\/\/api.w.org\/{rel}","templated":true}]}}