{"id":99637,"date":"2023-03-29T14:36:47","date_gmt":"2023-03-29T17:36:47","guid":{"rendered":"https:\/\/www.actualidadadiario.com\/?p=99637"},"modified":"2023-03-29T14:36:47","modified_gmt":"2023-03-29T17:36:47","slug":"alerta-en-santa-fe-los-casos-de-dengue-se-cuadruplicaron-en-los-ultimos-cuatro-dias","status":"publish","type":"post","link":"https:\/\/www.actualidadadiario.com\/index.php\/2023\/03\/29\/alerta-en-santa-fe-los-casos-de-dengue-se-cuadruplicaron-en-los-ultimos-cuatro-dias\/","title":{"rendered":"Alerta en Santa Fe: los casos de dengue se cuadruplicaron en los \u00faltimos cuatro d\u00edas"},"content":{"rendered":"<p style=\"text-align: center;\"><em><strong>La ministra de Salud provincial, Sonia Martorano, indic\u00f3 que se atraviesa &#8220;el momento m\u00e1s \u00e1lgido&#8221; en cuanto a contagios, por lo cual se intensificaron los operativos de prevenci\u00f3n y difusi\u00f3n<\/strong><\/em><\/p>\n<p>&nbsp;<\/p>\n<p>&nbsp;<\/p>\n<p>El n\u00famero de casos de dengue en la provincia de Santa Fe se cuadruplic\u00f3 en los \u00faltimos cuatro d\u00edas, por lo cual se intensificaron los operativos de prevenci\u00f3n y difusi\u00f3n en barrios de distintas localidades, en tanto la ministra de Salud provincial, Sonia Martorano, indic\u00f3 que se atraviesa &#8220;el momento m\u00e1s \u00e1lgido&#8221; en cuanto a contagios.<\/p>\n<p>El secretario de Salud del distrito, Jorge Prieto, record\u00f3 que los informes semanales sobre la situaci\u00f3n del dengue se dan a conocer los jueves, pero anticip\u00f3 que &#8220;hemos visto en los \u00faltimos cuatro d\u00edas (que) se ha cuadriplicado el n\u00famero de casos&#8221;.<\/p>\n<p>&#8220;Ma\u00f1ana vamos a actualizar, porque lo que queremos hacer es confirmar el n\u00famero de casos&#8221;, a\u00f1adi\u00f3 Prieto en declaraciones realizadas en el barrio Sargento Cabral de la ciudad de Santa Fe.<\/p>\n<p>El reporte del jueves pasado revel\u00f3 que en la provincia aumentaron un 55% los casos respecto de la semana anterior, con un total de 3.606; y se registr\u00f3 la muerte de una persona por dengue.<\/p>\n<p>Por su parte, Martorano dijo que &#8220;claramente estamos en el momento m\u00e1s \u00e1lgido&#8221; e inform\u00f3 que &#8220;hay circulaci\u00f3n comunitaria en 18 localidades, entre ellas las m\u00e1s grandes: Santa Fe, Rafaela, Reconquista y Rosario&#8221;.<\/p>\n<p>&#8220;Estamos en un momento en el que hay que tener m\u00e1ximo cuidado&#8221;, se\u00f1al\u00f3 la funcionaria, aunque aclar\u00f3 que ha habido &#8220;algunas internaciones cortas, que tienen que ver con hidrataci\u00f3n&#8221; y sostuvo que &#8220;suelen ser un poco m\u00e1s graves (los cuadros) con gente de mayor edad o que tiene comorbilidades&#8221;.<\/p>\n<p>Martorano analiz\u00f3 que el aumento de casos &#8220;tiene que ver con la (alta) temperatura y las lluvias&#8221;, a lo que sum\u00f3 la incidencia de los viajes a pa\u00edses lim\u00edtrofes.<\/p>\n<p>&#8220;Paraguay, Brasil y Bolivia tienen un n\u00famero importante y hemos tenido, con la vuelta a la normalidad (tras la pandemia de coronavirus) los fen\u00f3menos migratorios, gente que viajaba hacia all\u00e1 y gente que ven\u00eda&#8221;, acot\u00f3.<\/p>\n<p>En ese sentido, indic\u00f3 que &#8220;los primeros casos tuvieron que ver con pacientes que ven\u00edan de viaje, pero hoy son comunitarios&#8221;.<\/p>\n<p>Adem\u00e1s, dijo que para el dengue y la chikungunya &#8220;la transmisi\u00f3n es la misma&#8221;, es decir la presencia del mosquito, y que &#8220;han aumentado los casos de ambos&#8221;, con la diferencia que el paciente que contrae la segunda enfermedad &#8220;queda inmunizado&#8221;.<\/p>\n<p>Martorano enfatiz\u00f3 sobre la importancia de la prevenci\u00f3n, con descacharrado y control de larvas, por lo que el Gobierno lanz\u00f3 operativos conjuntos con personal de los ministerios de Desarrollo Social y de Salud.<\/p>\n<p>En la capital provincial se realizaron en barrios Sargento Cabral y El Pozo, van a continuar en Villa Mar\u00eda Selva y Alto Verde, en tanto la pr\u00f3xima semana tendr\u00e1n lugar en Barranquitas.<\/p>\n","protected":false},"excerpt":{"rendered":"<p>La ministra de Salud provincial, Sonia Martorano, indic\u00f3 que se atraviesa &#8220;el momento m\u00e1s \u00e1lgido&#8221; en cuanto a contagios, por lo cual se intensificaron los operativos de prevenci\u00f3n y difusi\u00f3n &nbsp; &nbsp; El n\u00famero de casos de dengue en la provincia de Santa Fe se cuadruplic\u00f3 en los \u00faltimos cuatro d\u00edas, por lo cual se intensificaron los operativos de prevenci\u00f3n y difusi\u00f3n en barrios de distintas localidades, en tanto la ministra de Salud provincial, Sonia Martorano, indic\u00f3 que se atraviesa &#8220;el momento m\u00e1s \u00e1lgido&#8221; en cuanto a contagios. El secretario&#8230;<\/p>\n","protected":false},"author":3,"featured_media":99638,"comment_status":"closed","ping_status":"closed","sticky":false,"template":"","format":"standard","meta":[],"categories":[2],"tags":[],"_links":{"self":[{"href":"https:\/\/www.actualidadadiario.com\/index.php\/wp-json\/wp\/v2\/posts\/99637"}],"collection":[{"href":"https:\/\/www.actualidadadiario.com\/index.php\/wp-json\/wp\/v2\/posts"}],"about":[{"href":"https:\/\/www.actualidadadiario.com\/index.php\/wp-json\/wp\/v2\/types\/post"}],"author":[{"embeddable":true,"href":"https:\/\/www.actualidadadiario.com\/index.php\/wp-json\/wp\/v2\/users\/3"}],"replies":[{"embeddable":true,"href":"https:\/\/www.actualidadadiario.com\/index.php\/wp-json\/wp\/v2\/comments?post=99637"}],"version-history":[{"count":1,"href":"https:\/\/www.actualidadadiario.com\/index.php\/wp-json\/wp\/v2\/posts\/99637\/revisions"}],"predecessor-version":[{"id":99639,"href":"https:\/\/www.actualidadadiario.com\/index.php\/wp-json\/wp\/v2\/posts\/99637\/revisions\/99639"}],"wp:featuredmedia":[{"embeddable":true,"href":"https:\/\/www.actualidadadiario.com\/index.php\/wp-json\/wp\/v2\/media\/99638"}],"wp:attachment":[{"href":"https:\/\/www.actualidadadiario.com\/index.php\/wp-json\/wp\/v2\/media?parent=99637"}],"wp:term":[{"taxonomy":"category","embeddable":true,"href":"https:\/\/www.actualidadadiario.com\/index.php\/wp-json\/wp\/v2\/categories?post=99637"},{"taxonomy":"post_tag","embeddable":true,"href":"https:\/\/www.actualidadadiario.com\/index.php\/wp-json\/wp\/v2\/tags?post=99637"}],"curies":[{"name":"wp","href":"https:\/\/api.w.org\/{rel}","templated":true}]}}