{"id":99634,"date":"2023-03-29T14:36:07","date_gmt":"2023-03-29T17:36:07","guid":{"rendered":"https:\/\/www.actualidadadiario.com\/?p=99634"},"modified":"2023-03-29T14:36:07","modified_gmt":"2023-03-29T17:36:07","slug":"nuevo-parque-nacional-laguna-el-palmar-se-suma-al-sistema-de-areas-protegidas","status":"publish","type":"post","link":"https:\/\/www.actualidadadiario.com\/index.php\/2023\/03\/29\/nuevo-parque-nacional-laguna-el-palmar-se-suma-al-sistema-de-areas-protegidas\/","title":{"rendered":"Nuevo parque nacional: Laguna El Palmar se suma al sistema de \u00e1reas protegidas"},"content":{"rendered":"<p style=\"text-align: center;\"><em><strong>En los \u00faltimos tres a\u00f1os se incorporaron m\u00e1s de 700 mil hect\u00e1reas de superficie, cifra r\u00e9cord de ampliaci\u00f3n. El presente proyecto fue aprobado por la C\u00e1mara Baja<\/strong><\/em><\/p>\n<p>&nbsp;<\/p>\n<p>&nbsp;<\/p>\n<p>La C\u00e1mara de Diputados, en la sesi\u00f3n del martes, convirti\u00f3 en ley la creaci\u00f3n del Parque Nacional Laguna El Palmar, ubicado en el departamento de Bermejo, a 70 kil\u00f3metros de Resistencia. De esta manera, se suman m\u00e1s de 700.000 hect\u00e1reas al sistema de \u00e1reas protegidas, ampliaci\u00f3n r\u00e9cord de superficie terrestre.<\/p>\n<p>El ministro de Ambiente y Desarrollo Sostenible, Juan Cabandi\u00e9, presente en el recinto durante la sesi\u00f3n, resalt\u00f3: \u201cEstamos muy felices por la aprobaci\u00f3n en Diputados del Parque Nacional Laguna El Palmar. Con este nuevo parque nos convertimos en la gesti\u00f3n que m\u00e1s hect\u00e1reas incorpor\u00f3 al sistema nacional de \u00e1reas protegidas en cuatro a\u00f1os\u201d.<\/p>\n<p>Y agreg\u00f3: \u201cNosotros pensamos que los parques nacionales son lugares de conservaci\u00f3n, pero tambi\u00e9n espacios para construir conciencia ambiental, educar y fomentar la actividad tur\u00edstica con la gente adentro\u201d.<\/p>\n<p>Por su parte, el presidente de la Administraci\u00f3n de Parques Nacionales, Federico Granato, se\u00f1al\u00f3 tras la aprobaci\u00f3n en la C\u00e1mara Baja: &#8220;Con la creaci\u00f3n de este Parque Nacional incorporamos unas 708.000 hect\u00e1reas al sistema de \u00e1reas protegidas, cifra r\u00e9cord que nos enorgullece. Esto se enmarca en el acuerdo hist\u00f3rico por la biodiversidad firmado el a\u00f1o pasado en la COP 15, compromiso que Argentina ya ven\u00eda haciendo porque estamos convencidos que este es el camino\u201d.<\/p>\n<p>Junto a los funcionarios, tambi\u00e9n estuvo presente en el recinto, la ministra de Estado Ambiente y Desarrollo Territorial Sostenible de la provincia del Chaco, Marta Soneira.<\/p>\n<p>Vale resaltar que la conformaci\u00f3n de \u00e1reas protegidas es una bandera de gesti\u00f3n. En los \u00faltimos tres a\u00f1os se sumaron tres nuevos parques nacionales (Ansenuza, ubicado en C\u00f3rdoba; Islote Lobos, en R\u00edo Negro; y el flamante Laguna El Palmar, en Chaco). Tambi\u00e9n se crearon el Parque Federal Campo San Juan, en Misiones; la Reserva Natural Silvestres Marismas del Tuy\u00fa; a la vez que se ampliaron los parques nacionales Pre Delta, en Entre R\u00edos, y Aconquija, en Tucum\u00e1n.<\/p>\n<p>En total, se incorporaron 708.000 hect\u00e1reas al sistema de \u00e1reas protegidas, r\u00e9cord de ampliaci\u00f3n de superficie terrestre en una gesti\u00f3n.<\/p>\n<p>Cabe destacar que Laguna El Palmar, tercer parque nacional de Chaco, comprende una superficie aproximada de 5.000 hect\u00e1reas, de las cuales 3.000 pertenecen a humedales. El sitio tiene una gran riqueza en flora y fauna, con distintas especies de peces, \u00e1reas de bosques fluviales y albardones, y se destacan especies como el aguar\u00e1 guaz\u00fa, pumas, zorros.<\/p>\n<p>Como parte de las campa\u00f1as de relevamiento realizadas el a\u00f1o pasado, se monitorearon los distintos ambientes que forman parte de este importante humedal como aves, mam\u00edferos, reptiles, peces y flora en general, y se llevaron a cabo visitas a pobladores y vecinos, quienes podr\u00e1n desarrollar actividades productivas sustentables.<\/p>\n<p>Estuvieron presentes Nicol\u00e1s Fern\u00e1ndez, subsecretario Interjurisdiccional e Interinstitucional del Ministerio de Ambiente; Natalia Jauri, vicepresidenta de la Administraci\u00f3n de Parques Nacionales; el director de Seguimiento de Gesti\u00f3n, Guido \u00c1lvarez; y el director de Ordenamiento Territorial, Guido Veneziale.<\/p>\n","protected":false},"excerpt":{"rendered":"<p>En los \u00faltimos tres a\u00f1os se incorporaron m\u00e1s de 700 mil hect\u00e1reas de superficie, cifra r\u00e9cord de ampliaci\u00f3n. El presente proyecto fue aprobado por la C\u00e1mara Baja &nbsp; &nbsp; La C\u00e1mara de Diputados, en la sesi\u00f3n del martes, convirti\u00f3 en ley la creaci\u00f3n del Parque Nacional Laguna El Palmar, ubicado en el departamento de Bermejo, a 70 kil\u00f3metros de Resistencia. De esta manera, se suman m\u00e1s de 700.000 hect\u00e1reas al sistema de \u00e1reas protegidas, ampliaci\u00f3n r\u00e9cord de superficie terrestre. El ministro de Ambiente y Desarrollo Sostenible, Juan Cabandi\u00e9, presente en&#8230;<\/p>\n","protected":false},"author":3,"featured_media":99635,"comment_status":"closed","ping_status":"closed","sticky":false,"template":"","format":"standard","meta":[],"categories":[2],"tags":[],"_links":{"self":[{"href":"https:\/\/www.actualidadadiario.com\/index.php\/wp-json\/wp\/v2\/posts\/99634"}],"collection":[{"href":"https:\/\/www.actualidadadiario.com\/index.php\/wp-json\/wp\/v2\/posts"}],"about":[{"href":"https:\/\/www.actualidadadiario.com\/index.php\/wp-json\/wp\/v2\/types\/post"}],"author":[{"embeddable":true,"href":"https:\/\/www.actualidadadiario.com\/index.php\/wp-json\/wp\/v2\/users\/3"}],"replies":[{"embeddable":true,"href":"https:\/\/www.actualidadadiario.com\/index.php\/wp-json\/wp\/v2\/comments?post=99634"}],"version-history":[{"count":1,"href":"https:\/\/www.actualidadadiario.com\/index.php\/wp-json\/wp\/v2\/posts\/99634\/revisions"}],"predecessor-version":[{"id":99636,"href":"https:\/\/www.actualidadadiario.com\/index.php\/wp-json\/wp\/v2\/posts\/99634\/revisions\/99636"}],"wp:featuredmedia":[{"embeddable":true,"href":"https:\/\/www.actualidadadiario.com\/index.php\/wp-json\/wp\/v2\/media\/99635"}],"wp:attachment":[{"href":"https:\/\/www.actualidadadiario.com\/index.php\/wp-json\/wp\/v2\/media?parent=99634"}],"wp:term":[{"taxonomy":"category","embeddable":true,"href":"https:\/\/www.actualidadadiario.com\/index.php\/wp-json\/wp\/v2\/categories?post=99634"},{"taxonomy":"post_tag","embeddable":true,"href":"https:\/\/www.actualidadadiario.com\/index.php\/wp-json\/wp\/v2\/tags?post=99634"}],"curies":[{"name":"wp","href":"https:\/\/api.w.org\/{rel}","templated":true}]}}