{"id":99624,"date":"2023-03-28T15:38:52","date_gmt":"2023-03-28T18:38:52","guid":{"rendered":"https:\/\/www.actualidadadiario.com\/?p=99624"},"modified":"2023-03-28T15:38:52","modified_gmt":"2023-03-28T18:38:52","slug":"bordet-pidio-un-replanteo-profundo-del-sistema-impositivo-nacional-aplicado-a-la-produccion","status":"publish","type":"post","link":"https:\/\/www.actualidadadiario.com\/index.php\/2023\/03\/28\/bordet-pidio-un-replanteo-profundo-del-sistema-impositivo-nacional-aplicado-a-la-produccion\/","title":{"rendered":"Bordet pidi\u00f3 un replanteo profundo del sistema impositivo nacional aplicado a la producci\u00f3n"},"content":{"rendered":"<p style=\"text-align: center;\"><em><strong>&#8220;Es tiempo de hacer un replanteo profundo que revise los esquemas impositivos nacionales que se aplican sobre los sistemas productivos\u201d, expres\u00f3 el gobernador Gustavo Bordet al asumir la presidencia de la Regi\u00f3n Centro. Tambi\u00e9n volvi\u00f3 a reclamar la reducci\u00f3n de la tarifa el\u00e9ctrica para Entre R\u00edos<\/strong><\/em><\/p>\n<p>&nbsp;<\/p>\n<p>&nbsp;<\/p>\n<p>\u201cProducimos entre las tres provincias una parte del PBI de la Argentina y lo que se recibe a cambio es muy poco. Nuestros productores tampoco reciben de parte de los gobiernos centrales la misma retribuci\u00f3n\u201d, alert\u00f3 el mandatario, que estuvo acompa\u00f1ado por la vicegobernadora Laura Stratta.<\/p>\n<p>El acto se desarroll\u00f3 en la ciudad de C\u00f3rdoba, en el auditorio del Centro C\u00edvico bajo el lema \u201cPrimeros 25 a\u00f1os de integraci\u00f3n regional, federalismo para el desarrollo productivo y la inserci\u00f3n internacional\u201d. En ese marco los gobernadores de C\u00f3rdoba, Juan Schiaretti, de Santa Fe, Omar Perotti y Bordet llevaron a cabo la reuni\u00f3n de gobernadores y, luego, Entre R\u00edos recibi\u00f3 la presidencia de la Regi\u00f3n Centro.<\/p>\n<p>Durante su discurso, Bordet sostuvo que &#8220;es tiempo de hacer un replanteo profundo que revise los esquemas impositivos nacionales que se aplican sobre los sistemas productivos\u201d.<\/p>\n<p>\u201cSe habla mucho del alto costo fiscal y, sin embargo, si uno analiza el componente impositivo, puede advertir que son pr\u00e1cticamente inexistente grav\u00e1menes, tasas o impuestos provinciales sobre los costos de producci\u00f3n. La mayor parte est\u00e1 en los impuestos y aranceles que se cobran desde el Estado central y que tienen muy poca retribuci\u00f3n en devoluci\u00f3n a nuestros sectores\u201d, alert\u00f3.<\/p>\n<p>Tambi\u00e9n puso como ejemplo el impacto de la sequ\u00eda: \u201ctodas nuestras provincias est\u00e1n siendo afectadas duramente por este fen\u00f3meno, y desde los gobiernos provinciales hemos tomado medidas paliativas. Hemos estado al lado de nuestros productores. Tambi\u00e9n hay medidas del gobierno nacional para asistir\u201d, dijo, pero entendi\u00f3 que &#8220;es tiempo de hacer un replanteo del sistema productivo de nuestra regi\u00f3n\u201d.<\/p>\n<p>En esa l\u00ednea, consider\u00f3 que &#8220;esta es una misi\u00f3n que tendremos que llevar adelante, y quienes integran este n\u00facleo de trabajo de la Regi\u00f3n Centro deber\u00e1n trabajar y elaborar&#8221;.<\/p>\n<p>&nbsp;<\/p>\n<p><strong>Energ\u00eda el\u00e9ctrica<\/strong><\/p>\n<p>Acto seguido, el mandatario entrerriano hizo foco en la falta de federalismo en la distribuci\u00f3n de los recursos de parte de los sucesivos gobiernos nacional. Mencion\u00f3 el ejemplo de la tarifa el\u00e9ctrica y explic\u00f3 que &#8220;Entre R\u00edos produce m\u00e1s del triple de la energ\u00eda que consume y sin embargo son migajas las que recibimos en concepto de regal\u00edas\u201d. Adem\u00e1s remarc\u00f3 que es la \u00fanica provincia \u201cque no est\u00e1 ni en zona c\u00e1lida, ni en zona fr\u00eda, y por lo tanto no recibimos ning\u00fan tipo de subsidio\u201d.<\/p>\n<p>&#8220;Vemos que barrios opulentos de la Ciudad de Buenos Aires pueden consumir indiscriminadamente la cantidad de energ\u00eda que desean pagando un muy bajo costo; o vemos c\u00f3mo se le condonan las deudas a las empresas privadas distribuidoras de la energ\u00eda el\u00e9ctrica en el AMBA\u201d, describi\u00f3 Bordet y resalt\u00f3 el esfuerzo de \u201cnuestras empresas provinciales de Energ\u00eda\u201d para \u201csostener una estructura de costos y un cuadro tarifario acorde a lo que debemos pagar en nuestras regiones\u201d.<\/p>\n<p>\u201cEsto no es una cr\u00edtica puntual a este gobierno. Es un problema sist\u00e9mico que tiene la Argentina desde hace varios a\u00f1os. Pas\u00f3 con el gobierno anterior, pasa con este gobierno y esperemos que no pase m\u00e1s. Para eso tenemos que trabajar como bloque regional y apoyar iniciativas de este tipo como est\u00e1n trabajando nuestros senadores\u201d, afirm\u00f3 Bordet en referencia al proyecto ingresado al Senado de la Naci\u00f3n para reducir la tarifa el\u00e9ctrica.<\/p>\n<p>Por \u00faltimo, subray\u00f3 que \u201cseguiremos planteando incesantemente terminar con las inequidades de un sistema central que tiene una asimetr\u00eda fenomenal en el sistema de subsidios\u201d. Tambi\u00e9n insisti\u00f3 con el impulso a la econom\u00eda del conocimiento: \u201ctenemos que avanzar decididamente en dar apoyatura a distintas startups y a las pymes que est\u00e1n trabajando y que muchas veces se les dificulta conseguir o tener inserci\u00f3n en un esquema nacional\u201d.<\/p>\n<p>Tambi\u00e9n estuvieron presentes la ministra de Desarrollo Social, Marisa Paira, y el presidente del Ente Regi\u00f3n Centro de Entre R\u00edos, Claudio Ava Aispuru.<\/p>\n<p>&nbsp;<\/p>\n<p><strong>Federalismo, previsibilidad y desarrollo<\/strong><\/p>\n<p>Por otra parte, el mandatario entrerriano se refiri\u00f3 a la creaci\u00f3n de la Regi\u00f3n Centro hace 25 a\u00f1os. \u201cMuchas veces se habla de que en Argentina no existen pol\u00edticas p\u00fablicas que trasciendan gestiones de gobierno y que perduren en el tiempo, pero la Regi\u00f3n Centro refleja lo contrario; que las pol\u00edticas p\u00fablicas pueden plasmarse y permanecer en el tiempo. Es una expresi\u00f3n cabal de federalismo, de la vocaci\u00f3n y la voluntad de tres provincias, independientemente de los gobiernos, de constituirse en un bloque\u201d, apunt\u00f3.<\/p>\n<p>Llam\u00f3 a \u201cratificar y consolidar\u201d la uni\u00f3n de las tres provincias \u201cpara que quienes nos sucedan encuentren un camino para seguir d\u00e1ndole a nuestra Regi\u00f3n previsibilidad, desarrollo, inclusi\u00f3n social, y las condiciones para generar arraigo e identidad en nuestras provincias. En un mundo cada vez m\u00e1s globalizado, m\u00e1s se necesita identidad local y regional. Esto es la Regi\u00f3n Centro&#8221;, continu\u00f3 Bordet.<\/p>\n<p>Valor\u00f3 el apoyo del Consejo Federal de Inversiones (CFI), \u201cque permanentemente est\u00e1 apoyando estas iniciativas y poder llegar a mercados del mundo con nuestra oferta exportable y generar oportunidades e ingreso de divisas a nuestros sistemas econ\u00f3micos provinciales&#8221;, resalt\u00f3.<\/p>\n<p>En el acto se dio lectura a distintas decisiones tomadas por la Mesa Ejecutiva de la Regi\u00f3n Centro, entre ellas la realizaci\u00f3n en Paran\u00e1 del 2\u00ba Congreso Internacional de Ma\u00edz y de la 9\u00ba Jornada de Desarrollo Productivo y Competitividad organizada por el Foro de Empresarios de la Regi\u00f3n Centro.<\/p>\n","protected":false},"excerpt":{"rendered":"<p>&#8220;Es tiempo de hacer un replanteo profundo que revise los esquemas impositivos nacionales que se aplican sobre los sistemas productivos\u201d, expres\u00f3 el gobernador Gustavo Bordet al asumir la presidencia de la Regi\u00f3n Centro. Tambi\u00e9n volvi\u00f3 a reclamar la reducci\u00f3n de la tarifa el\u00e9ctrica para Entre R\u00edos &nbsp; &nbsp; \u201cProducimos entre las tres provincias una parte del PBI de la Argentina y lo que se recibe a cambio es muy poco. Nuestros productores tampoco reciben de parte de los gobiernos centrales la misma retribuci\u00f3n\u201d, alert\u00f3 el mandatario, que estuvo acompa\u00f1ado por&#8230;<\/p>\n","protected":false},"author":3,"featured_media":99625,"comment_status":"closed","ping_status":"closed","sticky":false,"template":"","format":"standard","meta":[],"categories":[9,15],"tags":[],"_links":{"self":[{"href":"https:\/\/www.actualidadadiario.com\/index.php\/wp-json\/wp\/v2\/posts\/99624"}],"collection":[{"href":"https:\/\/www.actualidadadiario.com\/index.php\/wp-json\/wp\/v2\/posts"}],"about":[{"href":"https:\/\/www.actualidadadiario.com\/index.php\/wp-json\/wp\/v2\/types\/post"}],"author":[{"embeddable":true,"href":"https:\/\/www.actualidadadiario.com\/index.php\/wp-json\/wp\/v2\/users\/3"}],"replies":[{"embeddable":true,"href":"https:\/\/www.actualidadadiario.com\/index.php\/wp-json\/wp\/v2\/comments?post=99624"}],"version-history":[{"count":1,"href":"https:\/\/www.actualidadadiario.com\/index.php\/wp-json\/wp\/v2\/posts\/99624\/revisions"}],"predecessor-version":[{"id":99626,"href":"https:\/\/www.actualidadadiario.com\/index.php\/wp-json\/wp\/v2\/posts\/99624\/revisions\/99626"}],"wp:featuredmedia":[{"embeddable":true,"href":"https:\/\/www.actualidadadiario.com\/index.php\/wp-json\/wp\/v2\/media\/99625"}],"wp:attachment":[{"href":"https:\/\/www.actualidadadiario.com\/index.php\/wp-json\/wp\/v2\/media?parent=99624"}],"wp:term":[{"taxonomy":"category","embeddable":true,"href":"https:\/\/www.actualidadadiario.com\/index.php\/wp-json\/wp\/v2\/categories?post=99624"},{"taxonomy":"post_tag","embeddable":true,"href":"https:\/\/www.actualidadadiario.com\/index.php\/wp-json\/wp\/v2\/tags?post=99624"}],"curies":[{"name":"wp","href":"https:\/\/api.w.org\/{rel}","templated":true}]}}