{"id":99621,"date":"2023-03-28T15:38:11","date_gmt":"2023-03-28T18:38:11","guid":{"rendered":"https:\/\/www.actualidadadiario.com\/?p=99621"},"modified":"2023-03-28T15:38:11","modified_gmt":"2023-03-28T18:38:11","slug":"un-proyecto-de-ley-propone-aumentar-los-impuestos-a-las-viviendas-ociosas-en-entre-rios","status":"publish","type":"post","link":"https:\/\/www.actualidadadiario.com\/index.php\/2023\/03\/28\/un-proyecto-de-ley-propone-aumentar-los-impuestos-a-las-viviendas-ociosas-en-entre-rios\/","title":{"rendered":"Un proyecto de Ley propone aumentar los impuestos a las &#8220;viviendas ociosas&#8221; en Entre R\u00edos"},"content":{"rendered":"<p style=\"text-align: center;\"><em><strong>Ingres\u00f3 a la C\u00e1mara de Diputados de Entre R\u00edos un proyecto para que se cobre un 30% sobre el Impuesto Inmobiliario a los inmuebles ociosos que no se utilizan para vivir, ni tampoco se alquilan o est\u00e1n en venta<\/strong><\/em><\/p>\n<p>&nbsp;<\/p>\n<p>&nbsp;<\/p>\n<p>Seg\u00fan se inform\u00f3, recientemente el diputado provincial N\u00e9stor Loggio (PJ) present\u00f3 un proyecto de ley que establece cobrar un porcentaje adicional del 30% sobre el impuesto determinado para aquel inmueble considerado \u201cocioso\u201d.<\/p>\n<p>&nbsp;<\/p>\n<p><strong>El proyecto<\/strong><\/p>\n<p>Puntualmente Loggio dispone incorporar al Art\u00edculo N\u00ba 139 del C\u00f3digo Fiscal de Entre R\u00edos el inciso d), que contendr\u00e1 la siguiente disposici\u00f3n: \u201cd) Plantas 2 y 3 (Inmuebles Urbanos Edificados \u2013 Casas y Edificados Horizontal): 30% sobre el impuesto determinado para aquel inmueble considerado \u201cinmueble ocioso\u201d por no cumplir la condici\u00f3n comprobada de estar ocupado como vivienda familiar, actividad productiva o rentista, o cedida en uso u ocupaci\u00f3n a una organizaci\u00f3n sin fines de lucro reconocida legalmente.<\/p>\n<p>\u201cEstamos legislando para promover la utilizaci\u00f3n positiva de los bienes patrimoniales, y desmotivar su destino de especulaci\u00f3n u ociosidad, a la vez que promovemos la incorporaci\u00f3n de dichos inmuebles al mercado inmobiliario, en forma de alquiler o venta, lo cual promueve la ampliaci\u00f3n de la oferta, y con esto mayores posibilidades de baja de precios\u201d, enfatiz\u00f3 el legislador.<\/p>\n<p>La iniciativa establece que solo se aplicar\u00e1 a los contribuyentes que posean &#8220;cuatro o m\u00e1s propiedades urbanas edificadas, tanto dentro como fuera en la provincia\u201d.<\/p>\n<p>En el texto se se\u00f1ala que \u201clos contribuyentes alcanzados por el adicional dispondr\u00e1n de seis meses corridos de tiempo para demostrar la condici\u00f3n de destino \u2018no ocioso\u2019 del inmueble\u201d. Y dispone que la ATER podr\u00e1 inspeccionar los inmuebles cuyos titulares hubieran declarado como \u2018no ociosos\u2019 a fin de comprobar la veracidad de la declaraci\u00f3n\u201d.<\/p>\n<p>El proyecto apunta a \u201cmejorar la recaudaci\u00f3n del Estado provincial a trav\u00e9s de un peque\u00f1o incremento a un sector de contribuyentes que demuestran mayor capacidad contributiva a partir de su volumen patrimonial, expresado en la propiedad de inmuebles urbanos edificados sin generaci\u00f3n de utilidad, ni econ\u00f3mica ni social. Es decir, inmuebles que solamente cumplen la funci\u00f3n de resguardo de valor material a trav\u00e9s del tiempo\u201d, indic\u00f3 N\u00e9stor Loggio.<\/p>\n<p>&nbsp;<\/p>\n<p><strong>Fondos<\/strong><\/p>\n<p>El art\u00edculo 4\u00ba del proyecto impulsado por el concordiense establece que \u201cla totalidad de los recursos que sean recaudados por la aplicaci\u00f3n de este adicional ser\u00e1n para el Ministerio de Desarrollo Social de la Provincia, que deber\u00e1 la cual deber\u00e1 destinarlos \u00edntegramente a Programas de promoci\u00f3n del acceso al suelo para vivienda, mejoramiento y promoci\u00f3n del H\u00e1bitat, construcci\u00f3n, autoconstrucci\u00f3n, ampliaci\u00f3n o refacci\u00f3n de viviendas\u201d y agrega que \u201cse habilita expresamente el destino de estos recursos como asistencia financiera a la Compa\u00f1\u00eda Entrerriana de Tierras S.E para el cumplimiento de sus fines\u201d.<\/p>\n","protected":false},"excerpt":{"rendered":"<p>Ingres\u00f3 a la C\u00e1mara de Diputados de Entre R\u00edos un proyecto para que se cobre un 30% sobre el Impuesto Inmobiliario a los inmuebles ociosos que no se utilizan para vivir, ni tampoco se alquilan o est\u00e1n en venta &nbsp; &nbsp; Seg\u00fan se inform\u00f3, recientemente el diputado provincial N\u00e9stor Loggio (PJ) present\u00f3 un proyecto de ley que establece cobrar un porcentaje adicional del 30% sobre el impuesto determinado para aquel inmueble considerado \u201cocioso\u201d. &nbsp; El proyecto Puntualmente Loggio dispone incorporar al Art\u00edculo N\u00ba 139 del C\u00f3digo Fiscal de Entre R\u00edos&#8230;<\/p>\n","protected":false},"author":3,"featured_media":99622,"comment_status":"closed","ping_status":"closed","sticky":false,"template":"","format":"standard","meta":[],"categories":[15],"tags":[],"_links":{"self":[{"href":"https:\/\/www.actualidadadiario.com\/index.php\/wp-json\/wp\/v2\/posts\/99621"}],"collection":[{"href":"https:\/\/www.actualidadadiario.com\/index.php\/wp-json\/wp\/v2\/posts"}],"about":[{"href":"https:\/\/www.actualidadadiario.com\/index.php\/wp-json\/wp\/v2\/types\/post"}],"author":[{"embeddable":true,"href":"https:\/\/www.actualidadadiario.com\/index.php\/wp-json\/wp\/v2\/users\/3"}],"replies":[{"embeddable":true,"href":"https:\/\/www.actualidadadiario.com\/index.php\/wp-json\/wp\/v2\/comments?post=99621"}],"version-history":[{"count":1,"href":"https:\/\/www.actualidadadiario.com\/index.php\/wp-json\/wp\/v2\/posts\/99621\/revisions"}],"predecessor-version":[{"id":99623,"href":"https:\/\/www.actualidadadiario.com\/index.php\/wp-json\/wp\/v2\/posts\/99621\/revisions\/99623"}],"wp:featuredmedia":[{"embeddable":true,"href":"https:\/\/www.actualidadadiario.com\/index.php\/wp-json\/wp\/v2\/media\/99622"}],"wp:attachment":[{"href":"https:\/\/www.actualidadadiario.com\/index.php\/wp-json\/wp\/v2\/media?parent=99621"}],"wp:term":[{"taxonomy":"category","embeddable":true,"href":"https:\/\/www.actualidadadiario.com\/index.php\/wp-json\/wp\/v2\/categories?post=99621"},{"taxonomy":"post_tag","embeddable":true,"href":"https:\/\/www.actualidadadiario.com\/index.php\/wp-json\/wp\/v2\/tags?post=99621"}],"curies":[{"name":"wp","href":"https:\/\/api.w.org\/{rel}","templated":true}]}}