{"id":99618,"date":"2023-03-28T15:35:18","date_gmt":"2023-03-28T18:35:18","guid":{"rendered":"https:\/\/www.actualidadadiario.com\/?p=99618"},"modified":"2023-03-28T15:35:18","modified_gmt":"2023-03-28T18:35:18","slug":"caminos-del-rio-uruguay-brindo-detalles-sobre-el-futuro-de-concesion-de-la-ruta-y-de-la-propia-empresa","status":"publish","type":"post","link":"https:\/\/www.actualidadadiario.com\/index.php\/2023\/03\/28\/caminos-del-rio-uruguay-brindo-detalles-sobre-el-futuro-de-concesion-de-la-ruta-y-de-la-propia-empresa\/","title":{"rendered":"Caminos del R\u00edo Uruguay brind\u00f3 detalles sobre el futuro de concesi\u00f3n de la ruta y de la propia empresa"},"content":{"rendered":"<p style=\"text-align: center;\"><em><strong>Desde la firma aclararon que el contrato de la concesi\u00f3n se extiende hasta \u201cnoviembre de este a\u00f1o\u201d y podr\u00eda renovarse en el caso de llegarse a un acuerdo con el gobierno nacional<\/strong><\/em><\/p>\n<p>&nbsp;<\/p>\n<p>&nbsp;<\/p>\n<p>El vocero de la empresa Caminos del R\u00edo Uruguay, Mariano Bradanini, repas\u00f3 la situaci\u00f3n actual de la firma y reconoci\u00f3 que \u201cla concesi\u00f3n tiene una fecha estimativa en noviembre de este a\u00f1o&#8221;, pero que a\u00fan no est\u00e1 completamente descartado \u201cuna renegociaci\u00f3n\u201d.<\/p>\n<p>Afirm\u00f3 que \u201cCaminos del R\u00edo Uruguay, desde hace ya 4 a\u00f1os, est\u00e1 en permanente contacto con el gobierno nacional, porque tiene una negociaci\u00f3n pendiente por varias cosas, dentro de ellas, se encuentra la prolongaci\u00f3n del contrato y el aumento de tarifas, que no ha sido aplicado tal cual lo que dec\u00eda el contrato original\u201d.<\/p>\n<p>Adem\u00e1s, remarc\u00f3 que \u201cde las \u00faltimas 30 reuniones, solo se hicieron 5 y las otras 25 fueron canceladas el mismo d\u00eda del encuentro por Vialidad Nacional\u201d, situaci\u00f3n que se remonta \u201cde 4 a\u00f1os para atr\u00e1s y, tal vez, bastante m\u00e1s\u201d.<\/p>\n<p>En ese marco dijo que eso \u201cno es que por un capricho de la empresa que la ruta lleg\u00f3 a estar como est\u00e1, no hay ning\u00fan capricho\u201d, dado que \u201cla empresa tiene ya casi 30 a\u00f1os de historia y nadie con tanta trayectoria querr\u00eda dejar en malas condiciones el d\u00eda que le toca irse\u201d, sino que \u201ces una cuesti\u00f3n de que no se atendieron las demandas de la empresa para renegociar el contrato\u201d, manifest\u00f3.<\/p>\n<p>&nbsp;<\/p>\n<p><strong>Multas y aumentos<\/strong><\/p>\n<p>Por otro lado, Bradanini aclar\u00f3 que \u201cdesde noviembre de 2019 hasta ahora, hubo un aumento de los costos de mantenimiento de la empresa y de gastos del 600%, mientras que solo tuvimos un 40% de aumento en la tarifa de los peajes\u201d.<\/p>\n<p>En relaci\u00f3n a este aumento, consider\u00f3 que \u201cvenga quien venga, con estos n\u00fameros no va a estar absolutamente en ninguna de las condiciones para hacer el trabajo necesario para tener en condiciones la ruta\u201d.<\/p>\n<p>A su vez, record\u00f3 que \u201clas multas formas parte de esta falta de comunicaci\u00f3n y quitan la posibilidad directa de poder hacer obras sobre la ruta, porque no hay manera de que el c\u00e1lculo cierre\u201d.<\/p>\n<p>&nbsp;<\/p>\n<p><strong>Costo del peaje<\/strong><\/p>\n<p>Finalmente, Bradanini explic\u00f3 que \u201cel peaje deber\u00eda estar m\u00e1s del 300% de lo que se cobra\u201d actualmente, dado que \u201choy est\u00e1 $110, pero se tiene que cobrar $100 porque no hay cambio de 10 pesos\u201d.<\/p>\n<p>En ese marco admiti\u00f3 que &#8220;la gente reclama que, por c\u00f3mo est\u00e1 la ruta, no se tendr\u00eda que cobrar el peaje, pero esto viene desde hace much\u00edsimo y es una bola de nieve dif\u00edcil de parar\u201d, valor\u00f3.<\/p>\n<p>Debido a esto, pregunt\u00f3 \u201c\u00bfqu\u00e9 pasar\u00eda con un municipio que no tenga la posibilidad de ampliar su presupuesto y que siga trabajando con un presupuesto atrasado de cuatro a\u00f1os, qu\u00e9 tipo de obras podr\u00eda hacer?\u201d.<\/p>\n","protected":false},"excerpt":{"rendered":"<p>Desde la firma aclararon que el contrato de la concesi\u00f3n se extiende hasta \u201cnoviembre de este a\u00f1o\u201d y podr\u00eda renovarse en el caso de llegarse a un acuerdo con el gobierno nacional &nbsp; &nbsp; El vocero de la empresa Caminos del R\u00edo Uruguay, Mariano Bradanini, repas\u00f3 la situaci\u00f3n actual de la firma y reconoci\u00f3 que \u201cla concesi\u00f3n tiene una fecha estimativa en noviembre de este a\u00f1o&#8221;, pero que a\u00fan no est\u00e1 completamente descartado \u201cuna renegociaci\u00f3n\u201d. Afirm\u00f3 que \u201cCaminos del R\u00edo Uruguay, desde hace ya 4 a\u00f1os, est\u00e1 en permanente contacto&#8230;<\/p>\n","protected":false},"author":3,"featured_media":99619,"comment_status":"closed","ping_status":"closed","sticky":false,"template":"","format":"standard","meta":[],"categories":[15],"tags":[],"_links":{"self":[{"href":"https:\/\/www.actualidadadiario.com\/index.php\/wp-json\/wp\/v2\/posts\/99618"}],"collection":[{"href":"https:\/\/www.actualidadadiario.com\/index.php\/wp-json\/wp\/v2\/posts"}],"about":[{"href":"https:\/\/www.actualidadadiario.com\/index.php\/wp-json\/wp\/v2\/types\/post"}],"author":[{"embeddable":true,"href":"https:\/\/www.actualidadadiario.com\/index.php\/wp-json\/wp\/v2\/users\/3"}],"replies":[{"embeddable":true,"href":"https:\/\/www.actualidadadiario.com\/index.php\/wp-json\/wp\/v2\/comments?post=99618"}],"version-history":[{"count":1,"href":"https:\/\/www.actualidadadiario.com\/index.php\/wp-json\/wp\/v2\/posts\/99618\/revisions"}],"predecessor-version":[{"id":99620,"href":"https:\/\/www.actualidadadiario.com\/index.php\/wp-json\/wp\/v2\/posts\/99618\/revisions\/99620"}],"wp:featuredmedia":[{"embeddable":true,"href":"https:\/\/www.actualidadadiario.com\/index.php\/wp-json\/wp\/v2\/media\/99619"}],"wp:attachment":[{"href":"https:\/\/www.actualidadadiario.com\/index.php\/wp-json\/wp\/v2\/media?parent=99618"}],"wp:term":[{"taxonomy":"category","embeddable":true,"href":"https:\/\/www.actualidadadiario.com\/index.php\/wp-json\/wp\/v2\/categories?post=99618"},{"taxonomy":"post_tag","embeddable":true,"href":"https:\/\/www.actualidadadiario.com\/index.php\/wp-json\/wp\/v2\/tags?post=99618"}],"curies":[{"name":"wp","href":"https:\/\/api.w.org\/{rel}","templated":true}]}}