{"id":99616,"date":"2023-03-28T15:34:13","date_gmt":"2023-03-28T18:34:13","guid":{"rendered":"https:\/\/www.actualidadadiario.com\/?p=99616"},"modified":"2023-03-28T15:34:13","modified_gmt":"2023-03-28T18:34:13","slug":"el-fenomeno-del-nino-anticiparia-su-llegada-con-lluvias-superiores-a-lo-normal","status":"publish","type":"post","link":"https:\/\/www.actualidadadiario.com\/index.php\/2023\/03\/28\/el-fenomeno-del-nino-anticiparia-su-llegada-con-lluvias-superiores-a-lo-normal\/","title":{"rendered":"El fen\u00f3meno del \u201cNi\u00f1o\u201d anticipar\u00eda su llegada con lluvias superiores a lo normal"},"content":{"rendered":"<p style=\"text-align: center;\"><em><strong>Todo apunta a un posible incremento en las precipitaciones en los pr\u00f3ximos meses. Los modelos clim\u00e1ticos comienzan a mostrar la tendencia a que El Ni\u00f1o llegue antes de lo previsto y ratifican que se fortalecer\u00e1 en el pr\u00f3ximo verano<\/strong><\/em><\/p>\n<p>&nbsp;<\/p>\n<p>&nbsp;<\/p>\n<p>Despu\u00e9s de un largo periodo de sequ\u00eda y temperaturas extremas, todo apunta a un posible incremento en las precipitaciones en los pr\u00f3ximos meses. El comportamiento de la temperatura en el oc\u00e9ano Pac\u00edfico ser\u00e1 determinante para el clima de la temporada oto\u00f1o 2023. Advierten que \u201ccon un calentamiento mayor y m\u00e1s temprano para esta nueva temporada, las actuales proyecciones de lluvia pueden subestimar la precipitaci\u00f3n en el centro de Argentina, Uruguay y el sur de Brasil\u201d, que podr\u00edan ser mayores a las previstas.<\/p>\n<p>Ya con la partida definitiva de \u201cLa Ni\u00f1a\u201d, varios pulsos de humedad trajeron abundantes precipitaciones en solo dos d\u00edas, alcanz\u00e1ndose lo estimado total de lluvia esperado para un mes de marzo. Este conjunto de eventos dar\u00eda la pauta de que ya hay modificaciones en la circulaci\u00f3n del aire h\u00famedo en la regi\u00f3n central del pa\u00eds.<\/p>\n<p>A ra\u00edz del comportamiento del clima de los \u00faltimos d\u00edas, sumados a la presencia de un \u201cNi\u00f1o costero\u201d frente a las costas de Per\u00fa y Ecuador, los modelos clim\u00e1ticos ya comienzan a se\u00f1alar esta tendencia a que El Ni\u00f1o se anticipe y comience en el primer semestre o en el paso del primero al segundo.<\/p>\n<p>Los expertos son muy cautelosos con las proyecciones para el Pac\u00edfico en esta \u00e9poca del a\u00f1o. Entre marzo y junio, existe lo que se denomina una \u201cbarrera de previsibilidad\u201d en las proyecciones para este oc\u00e9ano con baja confiabilidad de los modelos.<\/p>\n<p>La Ni\u00f1a se ha ido, pero las secuelas a\u00fan se quedan. As\u00ed lo advierten desde los principales organismos clim\u00e1ticos de mundo, y se refieren a una lenta y paulatina recuperaci\u00f3n de las lluvias y reacomodamiento de la temperatura.<\/p>\n<p>Comienza la temporada fr\u00eda en Argentina, sin el evento \u201cNi\u00f1a\u201d de por medio, ya se habla de un cambio de clima para hacia mediados del 2023. Hasta el momento, los pron\u00f3sticos son optimista despu\u00e9s del debilitamiento del fen\u00f3meno en los \u00faltimos d\u00edas.<\/p>\n<p>&nbsp;<\/p>\n<p><strong>Oto\u00f1o m\u00e1s h\u00famedo<\/strong><\/p>\n<p>Con el transcurso del final del mes de marzo, y con la entrada de abril y mayo, se prev\u00e9 que las precipitaciones vayan recuperando su caudal y cobertura, dentro de lo que ser\u00eda \u201cmedianamente normal\u201d, aunque para algunas regiones productivas del pa\u00eds \u201ces demasiado tarde\u201d, destaca el portal Infoagro.<\/p>\n<p>Especialistas sostienen que \u201cun poco m\u00e1s de humedad en el ambiente, ser\u00e1 indispensable para tornar las lluvias algo m\u00e1s recurrentes\u201d. De todas maneras, aclaran que \u201cla variabilidad seguir\u00e1 siendo uno de los factores m\u00e1s determinantes dentro del escenario local\u201d.<\/p>\n<p>Durante el oto\u00f1o, \u201clas temperaturas se estar\u00e1n moderando de forma paulatina y gradual, si bien el calor comenzar\u00e1 a quebrar de a poco, al aire fr\u00edo le va a costar instalarse de lleno\u201d.<\/p>\n<p>Tras tres a\u00f1os del fen\u00f3meno de La Ni\u00f1a, \u201cel Pac\u00edfico central oriental y frente a las costas de Per\u00fa y Ecuador aparecen floraciones de agua m\u00e1s c\u00e1lidas de lo normal, las primeras se\u00f1ales de un fen\u00f3meno de El Ni\u00f1o que se prev\u00e9 que se fortalecer\u00e1 durante el verano de 2023\u201d, completa el informe.<\/p>\n","protected":false},"excerpt":{"rendered":"<p>Todo apunta a un posible incremento en las precipitaciones en los pr\u00f3ximos meses. Los modelos clim\u00e1ticos comienzan a mostrar la tendencia a que El Ni\u00f1o llegue antes de lo previsto y ratifican que se fortalecer\u00e1 en el pr\u00f3ximo verano &nbsp; &nbsp; Despu\u00e9s de un largo periodo de sequ\u00eda y temperaturas extremas, todo apunta a un posible incremento en las precipitaciones en los pr\u00f3ximos meses. El comportamiento de la temperatura en el oc\u00e9ano Pac\u00edfico ser\u00e1 determinante para el clima de la temporada oto\u00f1o 2023. Advierten que \u201ccon un calentamiento mayor y&#8230;<\/p>\n","protected":false},"author":3,"featured_media":96819,"comment_status":"closed","ping_status":"closed","sticky":false,"template":"","format":"standard","meta":[],"categories":[9],"tags":[],"_links":{"self":[{"href":"https:\/\/www.actualidadadiario.com\/index.php\/wp-json\/wp\/v2\/posts\/99616"}],"collection":[{"href":"https:\/\/www.actualidadadiario.com\/index.php\/wp-json\/wp\/v2\/posts"}],"about":[{"href":"https:\/\/www.actualidadadiario.com\/index.php\/wp-json\/wp\/v2\/types\/post"}],"author":[{"embeddable":true,"href":"https:\/\/www.actualidadadiario.com\/index.php\/wp-json\/wp\/v2\/users\/3"}],"replies":[{"embeddable":true,"href":"https:\/\/www.actualidadadiario.com\/index.php\/wp-json\/wp\/v2\/comments?post=99616"}],"version-history":[{"count":1,"href":"https:\/\/www.actualidadadiario.com\/index.php\/wp-json\/wp\/v2\/posts\/99616\/revisions"}],"predecessor-version":[{"id":99617,"href":"https:\/\/www.actualidadadiario.com\/index.php\/wp-json\/wp\/v2\/posts\/99616\/revisions\/99617"}],"wp:featuredmedia":[{"embeddable":true,"href":"https:\/\/www.actualidadadiario.com\/index.php\/wp-json\/wp\/v2\/media\/96819"}],"wp:attachment":[{"href":"https:\/\/www.actualidadadiario.com\/index.php\/wp-json\/wp\/v2\/media?parent=99616"}],"wp:term":[{"taxonomy":"category","embeddable":true,"href":"https:\/\/www.actualidadadiario.com\/index.php\/wp-json\/wp\/v2\/categories?post=99616"},{"taxonomy":"post_tag","embeddable":true,"href":"https:\/\/www.actualidadadiario.com\/index.php\/wp-json\/wp\/v2\/tags?post=99616"}],"curies":[{"name":"wp","href":"https:\/\/api.w.org\/{rel}","templated":true}]}}