{"id":99610,"date":"2023-03-28T15:32:48","date_gmt":"2023-03-28T18:32:48","guid":{"rendered":"https:\/\/www.actualidadadiario.com\/?p=99610"},"modified":"2023-03-28T15:32:48","modified_gmt":"2023-03-28T18:32:48","slug":"bravo-solicita-un-tratamiento-diferenciado-urgente-en-la-tarifa-electrica-para-federacion","status":"publish","type":"post","link":"https:\/\/www.actualidadadiario.com\/index.php\/2023\/03\/28\/bravo-solicita-un-tratamiento-diferenciado-urgente-en-la-tarifa-electrica-para-federacion\/","title":{"rendered":"Bravo solicita un tratamiento diferenciado urgente en la tarifa el\u00e9ctrica para Federaci\u00f3n"},"content":{"rendered":"<p style=\"text-align: center;\"><em><strong>El intendente de Federaci\u00f3n se puso al frente de las preocupaciones y reclamos de los vecinos federaenses por las altas tarifas el\u00e9ctricas solicitando al gobernador un tratamiento preferencial en las tarifas y una pronta audiencia con el presidente de Enersa<\/strong><\/em><\/p>\n<p>&nbsp;<\/p>\n<p>&nbsp;<\/p>\n<p>De acuerdo a lo comprometido por parte del Presidente Municipal, Ricardo Bravo, de efectuar reclamos genuinos ante los \u00e1mbitos competentes, en relaci\u00f3n a las tarifas el\u00e9ctricas recientes, ha iniciado un plan de acci\u00f3n referente a las peticiones en los \u00e1mbitos correspondientes.<\/p>\n<p>Como primera acci\u00f3n el intendente enviar\u00e1 una carta con los argumentos necesarios para solicitar al gobernador de la provincia que adopte una medida urgente con un tratamiento diferencial en cuanto a las tarifas para la ciudad de Federaci\u00f3n, al respecto Ricardo Bravo expres\u00f3: \u201c Federaci\u00f3n se merece un trato diferencial en cuanto al costo de la luz, porque existe una deuda hist\u00f3rica, hay pendientes que los federaenses no olvidamos y nos corresponde ser resarcidos, entre ellos est\u00e1 lo de la energ\u00eda el\u00e9ctrica\u201d.<\/p>\n<p>Luego agreg\u00f3 que se ha hecho un trabajo de seguimiento verificando en las facturas de los vecinos las tarifas recibidas y los cambios de categor\u00edas en hogares que tienen consumos muy bajos, pasaron de una categor\u00eda inferior a una categor\u00eda superior cuando no tienen m\u00e1s de tres electrodom\u00e9sticos en sus viviendas.<\/p>\n<p>Las elevadas tarifas el\u00e9ctricas no son nuevas por lo cual el intendente Bravo se ocupa desde hace un tiempo prolongado con medidas locales y con un constante seguimiento de esta situaci\u00f3n, tomando ahora la firme decisi\u00f3n de ponerse al frente de sus vecinos e iniciar los reclamos ante la provincia.<\/p>\n<p>Por otro lado, y en este mismo contexto, como segunda acci\u00f3n, este mi\u00e9rcoles 22 de marzo el intendente remiti\u00f3 una solicitud de audiencia con el Presidente de ENERSA Contador Ramiro Caminos para transmitirle las situaciones que se han presentado en nuestra ciudad con relaci\u00f3n a los costos el\u00e9ctricos.<\/p>\n<p>El intendente expresa que es preciso trasladar las preocupaciones, respecto a las facturaciones del servicio, que tienen numerosos vecinos y comerciantes de Federaci\u00f3n.<\/p>\n<p>Al respecto de este pedido, se est\u00e1 a la espera de una respuesta del alto funcionario provincial, la cual podr\u00eda llegar a mediados de la semana venidera.<\/p>\n","protected":false},"excerpt":{"rendered":"<p>El intendente de Federaci\u00f3n se puso al frente de las preocupaciones y reclamos de los vecinos federaenses por las altas tarifas el\u00e9ctricas solicitando al gobernador un tratamiento preferencial en las tarifas y una pronta audiencia con el presidente de Enersa &nbsp; &nbsp; De acuerdo a lo comprometido por parte del Presidente Municipal, Ricardo Bravo, de efectuar reclamos genuinos ante los \u00e1mbitos competentes, en relaci\u00f3n a las tarifas el\u00e9ctricas recientes, ha iniciado un plan de acci\u00f3n referente a las peticiones en los \u00e1mbitos correspondientes. Como primera acci\u00f3n el intendente enviar\u00e1 una&#8230;<\/p>\n","protected":false},"author":3,"featured_media":99611,"comment_status":"closed","ping_status":"closed","sticky":false,"template":"","format":"standard","meta":[],"categories":[15],"tags":[],"_links":{"self":[{"href":"https:\/\/www.actualidadadiario.com\/index.php\/wp-json\/wp\/v2\/posts\/99610"}],"collection":[{"href":"https:\/\/www.actualidadadiario.com\/index.php\/wp-json\/wp\/v2\/posts"}],"about":[{"href":"https:\/\/www.actualidadadiario.com\/index.php\/wp-json\/wp\/v2\/types\/post"}],"author":[{"embeddable":true,"href":"https:\/\/www.actualidadadiario.com\/index.php\/wp-json\/wp\/v2\/users\/3"}],"replies":[{"embeddable":true,"href":"https:\/\/www.actualidadadiario.com\/index.php\/wp-json\/wp\/v2\/comments?post=99610"}],"version-history":[{"count":1,"href":"https:\/\/www.actualidadadiario.com\/index.php\/wp-json\/wp\/v2\/posts\/99610\/revisions"}],"predecessor-version":[{"id":99612,"href":"https:\/\/www.actualidadadiario.com\/index.php\/wp-json\/wp\/v2\/posts\/99610\/revisions\/99612"}],"wp:featuredmedia":[{"embeddable":true,"href":"https:\/\/www.actualidadadiario.com\/index.php\/wp-json\/wp\/v2\/media\/99611"}],"wp:attachment":[{"href":"https:\/\/www.actualidadadiario.com\/index.php\/wp-json\/wp\/v2\/media?parent=99610"}],"wp:term":[{"taxonomy":"category","embeddable":true,"href":"https:\/\/www.actualidadadiario.com\/index.php\/wp-json\/wp\/v2\/categories?post=99610"},{"taxonomy":"post_tag","embeddable":true,"href":"https:\/\/www.actualidadadiario.com\/index.php\/wp-json\/wp\/v2\/tags?post=99610"}],"curies":[{"name":"wp","href":"https:\/\/api.w.org\/{rel}","templated":true}]}}