{"id":99605,"date":"2023-03-28T15:08:07","date_gmt":"2023-03-28T18:08:07","guid":{"rendered":"https:\/\/www.actualidadadiario.com\/?p=99605"},"modified":"2023-03-28T15:08:07","modified_gmt":"2023-03-28T18:08:07","slug":"el-mundo-quiere-la-paz-en-ucrania-pidio-cafiero-en-un-encuentro-con-blinken","status":"publish","type":"post","link":"https:\/\/www.actualidadadiario.com\/index.php\/2023\/03\/28\/el-mundo-quiere-la-paz-en-ucrania-pidio-cafiero-en-un-encuentro-con-blinken\/","title":{"rendered":"&#8220;El mundo quiere la paz en Ucrania&#8221;, pidi\u00f3 Cafiero en un encuentro con Blinken"},"content":{"rendered":"<p style=\"text-align: center;\"><em><strong>Fue en una reuni\u00f3n virtual convocada por el Secretario de Estado para debatir alternativas para poner fin a la guerra. Fue el \u00fanico canciller latinoamericano invitado<\/strong><\/em><\/p>\n<p>&nbsp;<\/p>\n<p>&nbsp;<\/p>\n<p>El canciller Santiago Cafiero particip\u00f3 este martes en Nueva York de un encuentro virtual convocado por el Secretario de Estado de Estados Unidos, Antony Blinken, para debatir distintas iniciativas para poner fin a la guerra entre Rusia y Ucrania y establecer &#8220;una paz duradera&#8221;, de acuerdo con los principios contenidos en la Carta de la Organizaci\u00f3n de las Naciones Unidas (ONU).<\/p>\n<p>Cafiero fue el \u00fanico canciller latinoamericano invitado por Blinken a participar del evento denominado \u201cA Just and Lasting Peace in Ukraine\u201d, que fue inaugurado por el presidente ucraniano, Volodimir Zelensky.<\/p>\n<p>&#8220;El mundo quiere la paz en Ucrania, una paz que sea sostenible y de conformidad con la Carta de las Naciones Unidas y el derecho internacional&#8221;, dijo Cafiero en su exposici\u00f3n.<\/p>\n<p>&#8220;Una paz justa y duradera s\u00f3lo ser\u00e1 posible si se defienden los principios consagrados en la Carta de las Naciones Unidas, que son la base de la convivencia pac\u00edfica que nos hemos comprometido a conseguir desde 1945 y que incluye el respeto del derecho internacional, la soberan\u00eda de los Estados y su integridad territorial, la soluci\u00f3n pac\u00edfica de las controversias y la vigencia irrestricta de los derechos humanos&#8221;, se\u00f1al\u00f3.<\/p>\n<p>En ese sentido, el jefe de la diplomacia argentina subray\u00f3: &#8220;Estamos comprometidos en contribuir para aliviar el sufrimiento del pueblo ucraniano&#8221;.<\/p>\n<p>Detall\u00f3 que &#8220;a lo largo de este per\u00edodo de conflicto, la Agencia Argentina de Cooperaci\u00f3n Internacional y Asistencia Humanitaria-Cascos Blancos realiz\u00f3 doce viajes llevando donaciones, en articulaci\u00f3n permanente con la comunidad ucraniana en nuestro pa\u00eds&#8221;.<\/p>\n<p>&#8220;Tambi\u00e9n llev\u00f3 a cabo dos misiones para asistir en la tarea de evacuaci\u00f3n de ciudadanos argentinos y refugiados en Polonia y Rumania&#8221;, agreg\u00f3 Cafiero.<\/p>\n<p>Por \u00faltimo, el canciller destac\u00f3 las palabras del Papa Francisco &#8220;que nos pide que &#8216;no olvidemos al pueblo ucraniano, que contin\u00faa sufriendo por los cr\u00edmenes de la guerra&#8217;, y nos impliquemos en un alto al fuego, el final del conflicto y poder finalmente conseguir una verdadera paz justa y duradera para Ucrania y para el mundo&#8221;.<\/p>\n<p>Junto a Cafiero estuvieron presentes los cancilleres de Francia, Catherine Colonna; Rep\u00fablica Checa, Jan Lipavsk\u00fd; Israel, Eli Cohen; Italia, Antonio Tajani; Liberia, Dee-Maxwell Saah Kemayah; Malawi, Nancy Tembo; Zambia, Stanley Kakubo; y Jap\u00f3n, Yoshimasa Hayashi.<\/p>\n","protected":false},"excerpt":{"rendered":"<p>Fue en una reuni\u00f3n virtual convocada por el Secretario de Estado para debatir alternativas para poner fin a la guerra. Fue el \u00fanico canciller latinoamericano invitado &nbsp; &nbsp; El canciller Santiago Cafiero particip\u00f3 este martes en Nueva York de un encuentro virtual convocado por el Secretario de Estado de Estados Unidos, Antony Blinken, para debatir distintas iniciativas para poner fin a la guerra entre Rusia y Ucrania y establecer &#8220;una paz duradera&#8221;, de acuerdo con los principios contenidos en la Carta de la Organizaci\u00f3n de las Naciones Unidas (ONU). Cafiero&#8230;<\/p>\n","protected":false},"author":3,"featured_media":99606,"comment_status":"closed","ping_status":"closed","sticky":false,"template":"","format":"standard","meta":[],"categories":[18],"tags":[],"_links":{"self":[{"href":"https:\/\/www.actualidadadiario.com\/index.php\/wp-json\/wp\/v2\/posts\/99605"}],"collection":[{"href":"https:\/\/www.actualidadadiario.com\/index.php\/wp-json\/wp\/v2\/posts"}],"about":[{"href":"https:\/\/www.actualidadadiario.com\/index.php\/wp-json\/wp\/v2\/types\/post"}],"author":[{"embeddable":true,"href":"https:\/\/www.actualidadadiario.com\/index.php\/wp-json\/wp\/v2\/users\/3"}],"replies":[{"embeddable":true,"href":"https:\/\/www.actualidadadiario.com\/index.php\/wp-json\/wp\/v2\/comments?post=99605"}],"version-history":[{"count":1,"href":"https:\/\/www.actualidadadiario.com\/index.php\/wp-json\/wp\/v2\/posts\/99605\/revisions"}],"predecessor-version":[{"id":99607,"href":"https:\/\/www.actualidadadiario.com\/index.php\/wp-json\/wp\/v2\/posts\/99605\/revisions\/99607"}],"wp:featuredmedia":[{"embeddable":true,"href":"https:\/\/www.actualidadadiario.com\/index.php\/wp-json\/wp\/v2\/media\/99606"}],"wp:attachment":[{"href":"https:\/\/www.actualidadadiario.com\/index.php\/wp-json\/wp\/v2\/media?parent=99605"}],"wp:term":[{"taxonomy":"category","embeddable":true,"href":"https:\/\/www.actualidadadiario.com\/index.php\/wp-json\/wp\/v2\/categories?post=99605"},{"taxonomy":"post_tag","embeddable":true,"href":"https:\/\/www.actualidadadiario.com\/index.php\/wp-json\/wp\/v2\/tags?post=99605"}],"curies":[{"name":"wp","href":"https:\/\/api.w.org\/{rel}","templated":true}]}}