{"id":99596,"date":"2023-03-28T14:41:43","date_gmt":"2023-03-28T17:41:43","guid":{"rendered":"https:\/\/www.actualidadadiario.com\/?p=99596"},"modified":"2023-03-28T14:41:43","modified_gmt":"2023-03-28T17:41:43","slug":"los-trabajadores-de-francia-redoblan-su-lucha-contra-la-reforma-jubilatoria-de-macron","status":"publish","type":"post","link":"https:\/\/www.actualidadadiario.com\/index.php\/2023\/03\/28\/los-trabajadores-de-francia-redoblan-su-lucha-contra-la-reforma-jubilatoria-de-macron\/","title":{"rendered":"Los trabajadores de Francia redoblan su lucha contra la reforma jubilatoria de Macron"},"content":{"rendered":"<p style=\"text-align: center;\"><strong><em>Se prev\u00e9 que cientos de miles de personas tomen las calles en Par\u00eds y las principales ciudades de Francia en respuesta a la convocatoria de los sindicatos a la d\u00e9cima jornada de huelga y movilizaci\u00f3n contra el decreto que aumenta la edad jubilatoria<\/em><\/strong><\/p>\n<p>&nbsp;<\/p>\n<p>&nbsp;<\/p>\n<p>Una nueva ola de protestas y huelgas comenz\u00f3 este martes en Francia contra la reforma jubilatoria impuesta por decreto por el presidente Emmanuel Macron, con la seguridad reforzada luego de que el Gobierno dijera que esperaba hechos de violencia.<\/p>\n<p>Se prev\u00e9 que cientos de miles de personas tomen las calles en Par\u00eds y las principales ciudades de Francia en respuesta a la convocatoria de los sindicatos a la d\u00e9cima jornada de huelga y movilizaci\u00f3n contra la reforma jubilatoria desde mediados de enero.<\/p>\n<p>Las manifestaciones, en un principio mayormente pac\u00edficas, se volvieron violentas luego de que Macron aprobara la reforma por decreto, la semana pasada, para evitar una votaci\u00f3n del proyecto en el Parlamento que se prefiguraba complicada.<\/p>\n<p>El ministro del Interior, G\u00e9rald Darmanin, dijo que j\u00f3venes radicalizados planeaban &#8220;destruir, herir y matar&#8221; y que, por lo tanto, orden\u00f3 un despliegue &#8220;in\u00e9dito&#8221; de 13.000 polic\u00edas.<\/p>\n<p>Darmanin alert\u00f3 de la presencia en Par\u00eds de &#8220;m\u00e1s de 10.000 radicales, algunos llegados desde el extranjero&#8221;, en momentos en que el Gobierno intenta criminalizar las protestas, que siguen contando con un gran apoyo popular.<\/p>\n<p>El l\u00edder del sindicato CGT, Philippe Martinez, dijo que &#8220;la movilizaci\u00f3n sigue siendo igual de importante&#8221; con &#8220;muchos j\u00f3venes&#8221; en las marchas contra la suba de la edad jubilatoria a 64 a\u00f1os.<\/p>\n<p>Esto es &#8220;la prueba de que el movimiento no se agota&#8221;, agreg\u00f3 ante periodistas en la ciudad central de Clermont-Ferrand.<\/p>\n<p>Desde el 19 de enero, los sindicatos organizaron diez jornadas de protestas masivas contra este impopular proyecto, que aumentaron en intensidad cuando Macron lo adopt\u00f3 por decreto.<\/p>\n<p>Las \u00faltimas movilizaciones estuvieron marcadas por disturbios y choques entre manifestantes radicales y fuerzas de seguridad en las grandes ciudades. El jueves pasado, hubo 457 detenidos y 441 polic\u00edas y gendarmes heridos, seg\u00fan las autoridades.<\/p>\n<p>En este contexto de creciente tensi\u00f3n, el Gobierno y los sindicatos buscan c\u00f3mo calmar los \u00e1nimos, pero firmes en sus posiciones: las organizaciones sindicales quieren la retirada o la suspensi\u00f3n de la reforma, y Macron dice no.<\/p>\n<p>El vocero gubernamental, Olivier V\u00e9ran, rechaz\u00f3 la \u00faltima propuesta de Laurent Berger, l\u00edder del principal sindicato, CDFT, de buscar una &#8220;mediaci\u00f3n&#8221; para hallar una v\u00eda de salida, y afirm\u00f3 que pueden &#8220;hablarse directamente&#8221;.<\/p>\n<p>Sin embargo, en un gesto poco habitual durante esta crisis, los diputados centristas de MoDem, miembro de la alianza oficialista de Macron, apoyaron la propuesta de Berger para &#8220;tratar de encontrar el di\u00e1logo&#8221; con cierta perspectiva.<\/p>\n<p>El presidente liberal, reelecto en abril del a\u00f1o pasado hasta 2027, se halla bajo presi\u00f3n.<\/p>\n<p>Una mayor\u00eda de franceses lo considera responsable de la situaci\u00f3n actual por no querer escuchar el malestar sobre una reforma que el Gobierno considera crucial para evitar un d\u00e9ficit en la caja de las pensiones.<\/p>\n<p>Dos de cada tres franceses, seg\u00fan los sondeos, se opone adem\u00e1s a esta reforma que retrasa gradualmente la edad de jubilaci\u00f3n de 62 a 64 a\u00f1os para 2030 y adelanta a 2027 la exigencia de cotizar 43 a\u00f1os (y no 42) para cobrar una pensi\u00f3n completa.<\/p>\n<p>El decreto de Macron que valida la ley se encuentra bajo revisi\u00f3n del Consejo Constitucional luego de que fuera recurrido por partidos opositores.<\/p>\n<p>El mandatario solo podr\u00e1 promulgar la reforma si el Consejo le da su visto bueno.<\/p>\n<p>La semana pasada, Macron dijo que la ley debe estar vigente para fin de a\u00f1o.<\/p>\n<p>Mientras tanto, los sindicatos no tiran la toalla, y los j\u00f3venes son cada vez m\u00e1s numerosos en las protestas.<\/p>\n<p>Las autoridades esperan que su presencia &#8220;se duplique o triplique&#8221; este martes, respecto a jornadas anteriores, inform\u00f3 la agencia de noticias francesa AFP.<\/p>\n<p>Las protestas adquieren adem\u00e1s desde hace semanas m\u00faltiples formas: miles de toneladas de basura acumuladas en las calles de Par\u00eds, bloqueos de dep\u00f3sitos y refiner\u00edas que dejaron a un 15% de gasolineras sin combustible, entre otros.<\/p>\n<p>Este martes, los trenes circulaban con una notable disminuci\u00f3n de su frecuencia, y en Par\u00eds, el transporte p\u00fablico registraba &#8220;perturbaciones&#8221;, seg\u00fan su operador RATP.<\/p>\n<p>La Torre Eiffel, una de las principales atracciones tur\u00edsticas y un s\u00edmbolo de Par\u00eds, permanece este martescerrada al p\u00fablico.<\/p>\n<p>Las autoridades esperan &#8220;de 650.000 a 900.000 manifestantes&#8221; en total en Francia.<\/p>\n<p>La gesti\u00f3n policial de las protestas contra las reformas, as\u00ed como de la manifestaci\u00f3n contra un embalse agr\u00edcola que dej\u00f3 dos personas en coma el s\u00e1bado, est\u00e1 en el punto de mira de las organizaciones de defensa de derechos humanos.<\/p>\n<p>En ambos casos, &#8220;hay un uso desproporcionado de la fuerza&#8221;, dijo Jean-Claude Samouiller, de Amnist\u00eda Internacional, a AFP.<\/p>\n","protected":false},"excerpt":{"rendered":"<p>Se prev\u00e9 que cientos de miles de personas tomen las calles en Par\u00eds y las principales ciudades de Francia en respuesta a la convocatoria de los sindicatos a la d\u00e9cima jornada de huelga y movilizaci\u00f3n contra el decreto que aumenta la edad jubilatoria &nbsp; &nbsp; Una nueva ola de protestas y huelgas comenz\u00f3 este martes en Francia contra la reforma jubilatoria impuesta por decreto por el presidente Emmanuel Macron, con la seguridad reforzada luego de que el Gobierno dijera que esperaba hechos de violencia. Se prev\u00e9 que cientos de miles&#8230;<\/p>\n","protected":false},"author":3,"featured_media":99597,"comment_status":"closed","ping_status":"closed","sticky":false,"template":"","format":"standard","meta":[],"categories":[4],"tags":[],"_links":{"self":[{"href":"https:\/\/www.actualidadadiario.com\/index.php\/wp-json\/wp\/v2\/posts\/99596"}],"collection":[{"href":"https:\/\/www.actualidadadiario.com\/index.php\/wp-json\/wp\/v2\/posts"}],"about":[{"href":"https:\/\/www.actualidadadiario.com\/index.php\/wp-json\/wp\/v2\/types\/post"}],"author":[{"embeddable":true,"href":"https:\/\/www.actualidadadiario.com\/index.php\/wp-json\/wp\/v2\/users\/3"}],"replies":[{"embeddable":true,"href":"https:\/\/www.actualidadadiario.com\/index.php\/wp-json\/wp\/v2\/comments?post=99596"}],"version-history":[{"count":1,"href":"https:\/\/www.actualidadadiario.com\/index.php\/wp-json\/wp\/v2\/posts\/99596\/revisions"}],"predecessor-version":[{"id":99598,"href":"https:\/\/www.actualidadadiario.com\/index.php\/wp-json\/wp\/v2\/posts\/99596\/revisions\/99598"}],"wp:featuredmedia":[{"embeddable":true,"href":"https:\/\/www.actualidadadiario.com\/index.php\/wp-json\/wp\/v2\/media\/99597"}],"wp:attachment":[{"href":"https:\/\/www.actualidadadiario.com\/index.php\/wp-json\/wp\/v2\/media?parent=99596"}],"wp:term":[{"taxonomy":"category","embeddable":true,"href":"https:\/\/www.actualidadadiario.com\/index.php\/wp-json\/wp\/v2\/categories?post=99596"},{"taxonomy":"post_tag","embeddable":true,"href":"https:\/\/www.actualidadadiario.com\/index.php\/wp-json\/wp\/v2\/tags?post=99596"}],"curies":[{"name":"wp","href":"https:\/\/api.w.org\/{rel}","templated":true}]}}