{"id":99585,"date":"2023-03-28T14:38:39","date_gmt":"2023-03-28T17:38:39","guid":{"rendered":"https:\/\/www.actualidadadiario.com\/?p=99585"},"modified":"2023-03-28T14:38:39","modified_gmt":"2023-03-28T17:38:39","slug":"rossi-va-a-diputados-por-primera-vez-desde-que-asumio-como-jefe-de-gabinete","status":"publish","type":"post","link":"https:\/\/www.actualidadadiario.com\/index.php\/2023\/03\/28\/rossi-va-a-diputados-por-primera-vez-desde-que-asumio-como-jefe-de-gabinete\/","title":{"rendered":"Rossi va a Diputados por primera vez desde que asumi\u00f3 como jefe de Gabinete"},"content":{"rendered":"<p style=\"text-align: center;\"><em><strong>Expondr\u00e1 sobre la marcha del Gobierno nacional y responder\u00e1 preguntas de los legisladores acerca de econom\u00eda, pol\u00edtica exterior y la violencia en Rosario, entre otros puntos<\/strong><\/em><\/p>\n<p>&nbsp;<\/p>\n<p>&nbsp;<\/p>\n<p>El jefe de Gabinete, Agust\u00edn Rossi, brindar\u00e1 el mi\u00e9rcoles su primer informe ante el Congreso, donde expondr\u00e1 sobre la marcha del Gobierno nacional y responder\u00e1 preguntas de los legisladores acerca de la econom\u00eda, pol\u00edtica exterior y la situaci\u00f3n de violencia que atraviesa la ciudad de Rosario, entre otras cuestiones.<\/p>\n<p>Rossi se presentar\u00e1 en la C\u00e1mara baja por primera vez desde que asumi\u00f3 como jefe de Gabinete el 15 de febrero pasado, tras la renuncia de Juan Manzur, quien volvi\u00f3 a Tucum\u00e1n como gobernador.<\/p>\n<p>La sesi\u00f3n especial en la que expondr\u00e1 el ministro coordinador fue convocada oficialmente por la presidenta de la C\u00e1mara de Diputados, Cecilia Moreau, que formaliz\u00f3 el llamado al plenario para las 10.30.<\/p>\n<p>Tras exponer su informe, Rossi responder\u00e1 las preguntas que le formulen los diputados y que estar\u00e1n centradas, principalmente, en la marcha de la econom\u00eda, la pol\u00edtica exterior y la situaci\u00f3n que atraviesa Rosario, entre otros temas.<\/p>\n<p>&nbsp;<\/p>\n<p><strong>Ejes y preguntas <\/strong><\/p>\n<p>Con su exposici\u00f3n ante Diputados, el funcionario cumplir\u00eda en t\u00e9rmino con su obligaci\u00f3n constitucional de asistir a informar al Parlamento, a poco m\u00e1s de un mes de haber asumido y dentro del plazo legal, teniendo en cuenta que el per\u00edodo de sesiones ordinarias se inici\u00f3 el 1 de marzo.<\/p>\n<p>Fuentes parlamentarias de la alianza opositora Juntos por el Cambio (JxC) adelantaron que ese bloque har\u00e1 hincapi\u00e9 en el alcance de los DNU de pesificaci\u00f3n de los activos en d\u00f3lares del Fondo de Garant\u00eda y Sustentabilidad (FGS) que, seg\u00fan dijeron, &#8220;descapitalizan los ahorros de los jubilados y trabajadores activos&#8221;, adem\u00e1s de la pol\u00edtica exterior y los \u00edndices de inflaci\u00f3n, entre otros puntos.<\/p>\n<p>El lunes diputados nacionales de Juntos por el Cambio presentaron dos proyectos mediante los cuales proponen la derogaci\u00f3n de los decretos de necesidad y urgencia que establecieron el canje de deuda en organismos p\u00fablicos.<\/p>\n<p>Las fuentes adelantaron que entre las 3.500 preguntas que fueron enviadas a la Jefatura de Gabinete, la mayor\u00eda apunta a la crisis que atraviesa la ciudad santafesina de Rosario por la violencia narco.<\/p>\n<p>Desde el Interbloque Federal, que preside Alejandro &#8220;Topo&#8221; Rodr\u00edguez, pusieron foco en preguntas relacionadas con la &#8220;producci\u00f3n agroindustrial, la situaci\u00f3n de la inseguridad y la alta criminalidad en la provincia de Santa Fe, el costo del transporte p\u00fablico en las provincias argentinas y la cuesti\u00f3n ambiental&#8221;.<\/p>\n<p>El \u00faltimo jefe de Gabinete en asistir al Parlamento fue Manzur, quien se present\u00f3 en el Congreso dos veces durante su gesti\u00f3n: el 2 de junio de 2022 ante el Senado y el 14 de septiembre ante Diputados, aunque adem\u00e1s realiz\u00f3 algunas exposiciones por escrito en otras fechas.<\/p>\n","protected":false},"excerpt":{"rendered":"<p>Expondr\u00e1 sobre la marcha del Gobierno nacional y responder\u00e1 preguntas de los legisladores acerca de econom\u00eda, pol\u00edtica exterior y la violencia en Rosario, entre otros puntos &nbsp; &nbsp; El jefe de Gabinete, Agust\u00edn Rossi, brindar\u00e1 el mi\u00e9rcoles su primer informe ante el Congreso, donde expondr\u00e1 sobre la marcha del Gobierno nacional y responder\u00e1 preguntas de los legisladores acerca de la econom\u00eda, pol\u00edtica exterior y la situaci\u00f3n de violencia que atraviesa la ciudad de Rosario, entre otras cuestiones. Rossi se presentar\u00e1 en la C\u00e1mara baja por primera vez desde que asumi\u00f3&#8230;<\/p>\n","protected":false},"author":3,"featured_media":87400,"comment_status":"closed","ping_status":"closed","sticky":false,"template":"","format":"standard","meta":[],"categories":[18],"tags":[],"_links":{"self":[{"href":"https:\/\/www.actualidadadiario.com\/index.php\/wp-json\/wp\/v2\/posts\/99585"}],"collection":[{"href":"https:\/\/www.actualidadadiario.com\/index.php\/wp-json\/wp\/v2\/posts"}],"about":[{"href":"https:\/\/www.actualidadadiario.com\/index.php\/wp-json\/wp\/v2\/types\/post"}],"author":[{"embeddable":true,"href":"https:\/\/www.actualidadadiario.com\/index.php\/wp-json\/wp\/v2\/users\/3"}],"replies":[{"embeddable":true,"href":"https:\/\/www.actualidadadiario.com\/index.php\/wp-json\/wp\/v2\/comments?post=99585"}],"version-history":[{"count":1,"href":"https:\/\/www.actualidadadiario.com\/index.php\/wp-json\/wp\/v2\/posts\/99585\/revisions"}],"predecessor-version":[{"id":99586,"href":"https:\/\/www.actualidadadiario.com\/index.php\/wp-json\/wp\/v2\/posts\/99585\/revisions\/99586"}],"wp:featuredmedia":[{"embeddable":true,"href":"https:\/\/www.actualidadadiario.com\/index.php\/wp-json\/wp\/v2\/media\/87400"}],"wp:attachment":[{"href":"https:\/\/www.actualidadadiario.com\/index.php\/wp-json\/wp\/v2\/media?parent=99585"}],"wp:term":[{"taxonomy":"category","embeddable":true,"href":"https:\/\/www.actualidadadiario.com\/index.php\/wp-json\/wp\/v2\/categories?post=99585"},{"taxonomy":"post_tag","embeddable":true,"href":"https:\/\/www.actualidadadiario.com\/index.php\/wp-json\/wp\/v2\/tags?post=99585"}],"curies":[{"name":"wp","href":"https:\/\/api.w.org\/{rel}","templated":true}]}}