{"id":99582,"date":"2023-03-28T14:37:39","date_gmt":"2023-03-28T17:37:39","guid":{"rendered":"https:\/\/www.actualidadadiario.com\/?p=99582"},"modified":"2023-03-28T14:37:39","modified_gmt":"2023-03-28T17:37:39","slug":"la-camara-de-diputados-sesiona-con-un-temario-acordado-entre-fdt-y-jxc","status":"publish","type":"post","link":"https:\/\/www.actualidadadiario.com\/index.php\/2023\/03\/28\/la-camara-de-diputados-sesiona-con-un-temario-acordado-entre-fdt-y-jxc\/","title":{"rendered":"La C\u00e1mara de Diputados sesiona con un temario acordado entre FdT y JxC"},"content":{"rendered":"<p style=\"text-align: center;\"><em><strong>Los proyectos centrales a tratar son el fortalecimiento de la Justicia de Santa Fe para dotar de mejores herramientas contra el crimen organizado y el narcotr\u00e1fico, y la creaci\u00f3n del monotributo para peque\u00f1os contribuyentes tecnol\u00f3gicos y un r\u00e9gimen cambiario espec\u00edfico<\/strong><\/em><\/p>\n<p>&nbsp;<\/p>\n<p>&nbsp;<\/p>\n<p>La C\u00e1mara de Diputados sesiona desde poco antes del mediod\u00eda para abordar un temario de consenso entre el Frente de Todos (FdT) y Juntos por el Cambio (JxC), que tendr\u00e1 como proyectos centrales el fortalecimiento de la Justicia de Santa Fe para dotar de mejores herramientas contra el crimen organizado y el narcotr\u00e1fico; la creaci\u00f3n del monotributo para peque\u00f1os contribuyentes tecnol\u00f3gicos y un r\u00e9gimen cambiario espec\u00edfico.<\/p>\n<p>La sesi\u00f3n se inici\u00f3 a las 11.45 con la presencia de 134 diputados, y se estima que se extender\u00eda durante nueve horas.<\/p>\n<p>Durante el plenario, tambi\u00e9n se debatir\u00e1 el proyecto de reforma de la Ley de Sangre y la iniciativa por la cual se acepta la cesi\u00f3n de jurisdicci\u00f3n efectuada por la provincia del Chaco al Estado nacional para la creaci\u00f3n del Parque Nacional y Reserva Nacional Laguna El Palmar que, de aprobarse, quedar\u00e1 convertido en ley.<\/p>\n<p>La sesi\u00f3n -la primera del per\u00edodo ordinario- fue acordada entre el oficialismo y la principal bancada opositora como resultado de las conversaciones entre la presidenta de la C\u00e1mara, Cecilia Moreau (FdT); el jefe del bloque del oficialismo, Germ\u00e1n Mart\u00ednez, y la secretaria parlamentaria, Paula Penacca (FdT), con los principales l\u00edderes de JxC: Mario Negri (UCR), Cristian Ritondo (PRO) y Juan Manuel L\u00f3pez (CC), informaron fuentes parlamentarias.<\/p>\n<p>Esas conversaciones sucedieron luego de que JxC modificara su estrategia de boicotear la actividad parlamentaria en rechazo al juicio pol\u00edtico a la Corte Suprema de Justicia impulsado por el oficialismo, que se encuentra en la etapa de acumulaci\u00f3n de pruebas con la citaci\u00f3n de testigos.<\/p>\n<p>La sesi\u00f3n tambi\u00e9n fue acordada con los denominados &#8220;bloques del medio&#8221;, que siempre hacen equilibrio entre las dos principales fuerzas pol\u00edticas: el interbloque de Provincias Unidas y el Interbloque Federal -que preside Alejandro &#8220;Topo&#8221; Rodr\u00edguez- integrado por socialistas, Identidad Bonaerense y C\u00f3rdoba Federal.<\/p>\n<p>Previo a la sesi\u00f3n, se realiz\u00f3 la reuni\u00f3n de Labor Parlamentaria encabezada por Moreau, donde se acord\u00f3 iniciar la sesi\u00f3n con los homenajes y dejar para el desarrollo de la sesi\u00f3n las cuestiones de privilegio.<\/p>\n<p>Seg\u00fan lo acordado, el plenario tratar\u00e1 en primer t\u00e9rmino el proyecto de Fortalecimiento de la Justicia Penal Federal en la provincia de Santa Fe para instituir el sistema acusatorio y as\u00ed acelerar las causas contra el narcotr\u00e1fico en medio de la ola de violencia.<\/p>\n<p>Fuentes parlamentarias anticiparon que el gobernador de Santa Fe, Omar Perotti, estar\u00e1 presente en la sesi\u00f3n.<\/p>\n<p>Se prev\u00e9 que el proyecto tendr\u00e1 un contundente respaldo porque el dictamen en las tres comisiones obtuvo el apoyo del FdT, JxC, Provincias Unidas e Interbloque Federal.<\/p>\n<p>Se trata de un proyecto presentado por el legislador del FdT Roberto Mirabella, respaldado por los diputados santafesinos del oficialismo y de la oposici\u00f3n. La iniciativa busca crear 27 fiscal\u00edas federales, 15 de ellas en Rosario; nueve defensor\u00edas y seis juzgados federales, as\u00ed como seis cargos de juez penal federal con funciones de revisi\u00f3n.<\/p>\n<p>Adem\u00e1s, la C\u00e1mara de Diputados debatir\u00e1 el R\u00e9gimen Simplificado y R\u00e9gimen Cambiario para Peque\u00f1os Contribuyentes Tecnol\u00f3gicos, tambi\u00e9n conocido como Mono-Tech, para los profesionales que facturan sus servicios basados en el conocimiento y para quienes &#8220;participen en competencias de e-sports (nivel profesional)&#8221;.<\/p>\n<p>De esa manera, se busca evitar la informalidad de los trabajadores que desarrollan tareas para el exterior, as\u00ed como aumentar la recaudaci\u00f3n de divisas por servicios de exportaci\u00f3n no registrados.<\/p>\n<p>Tambi\u00e9n, se tratar\u00e1 el proyecto de reforma de la Ley de Sangre para incluir la obligaci\u00f3n de informar a los donantes respecto del Registro Nacional de Donantes de C\u00e9lulas Progenitoras Hematopoy\u00e9ticas (CPH), creado por la Ley 25.392.<\/p>\n<p>Adem\u00e1s, se buscar\u00e1 convertir en ley el proyecto de ley por el cual se acepta la cesi\u00f3n de jurisdicci\u00f3n efectuada por la provincia del Chaco al Estado nacional para la creaci\u00f3n del Parque Nacional y Reserva Nacional Laguna El Palmar.<\/p>\n","protected":false},"excerpt":{"rendered":"<p>Los proyectos centrales a tratar son el fortalecimiento de la Justicia de Santa Fe para dotar de mejores herramientas contra el crimen organizado y el narcotr\u00e1fico, y la creaci\u00f3n del monotributo para peque\u00f1os contribuyentes tecnol\u00f3gicos y un r\u00e9gimen cambiario espec\u00edfico &nbsp; &nbsp; La C\u00e1mara de Diputados sesiona desde poco antes del mediod\u00eda para abordar un temario de consenso entre el Frente de Todos (FdT) y Juntos por el Cambio (JxC), que tendr\u00e1 como proyectos centrales el fortalecimiento de la Justicia de Santa Fe para dotar de mejores herramientas contra el&#8230;<\/p>\n","protected":false},"author":3,"featured_media":99583,"comment_status":"closed","ping_status":"closed","sticky":false,"template":"","format":"standard","meta":[],"categories":[18],"tags":[],"_links":{"self":[{"href":"https:\/\/www.actualidadadiario.com\/index.php\/wp-json\/wp\/v2\/posts\/99582"}],"collection":[{"href":"https:\/\/www.actualidadadiario.com\/index.php\/wp-json\/wp\/v2\/posts"}],"about":[{"href":"https:\/\/www.actualidadadiario.com\/index.php\/wp-json\/wp\/v2\/types\/post"}],"author":[{"embeddable":true,"href":"https:\/\/www.actualidadadiario.com\/index.php\/wp-json\/wp\/v2\/users\/3"}],"replies":[{"embeddable":true,"href":"https:\/\/www.actualidadadiario.com\/index.php\/wp-json\/wp\/v2\/comments?post=99582"}],"version-history":[{"count":1,"href":"https:\/\/www.actualidadadiario.com\/index.php\/wp-json\/wp\/v2\/posts\/99582\/revisions"}],"predecessor-version":[{"id":99584,"href":"https:\/\/www.actualidadadiario.com\/index.php\/wp-json\/wp\/v2\/posts\/99582\/revisions\/99584"}],"wp:featuredmedia":[{"embeddable":true,"href":"https:\/\/www.actualidadadiario.com\/index.php\/wp-json\/wp\/v2\/media\/99583"}],"wp:attachment":[{"href":"https:\/\/www.actualidadadiario.com\/index.php\/wp-json\/wp\/v2\/media?parent=99582"}],"wp:term":[{"taxonomy":"category","embeddable":true,"href":"https:\/\/www.actualidadadiario.com\/index.php\/wp-json\/wp\/v2\/categories?post=99582"},{"taxonomy":"post_tag","embeddable":true,"href":"https:\/\/www.actualidadadiario.com\/index.php\/wp-json\/wp\/v2\/tags?post=99582"}],"curies":[{"name":"wp","href":"https:\/\/api.w.org\/{rel}","templated":true}]}}