{"id":99577,"date":"2023-03-28T14:36:15","date_gmt":"2023-03-28T17:36:15","guid":{"rendered":"https:\/\/www.actualidadadiario.com\/?p=99577"},"modified":"2023-03-28T14:36:15","modified_gmt":"2023-03-28T17:36:15","slug":"alberto-fernandez-se-reune-con-el-titular-de-la-onu-en-la-previa-del-encuentro-con-biden","status":"publish","type":"post","link":"https:\/\/www.actualidadadiario.com\/index.php\/2023\/03\/28\/alberto-fernandez-se-reune-con-el-titular-de-la-onu-en-la-previa-del-encuentro-con-biden\/","title":{"rendered":"Alberto Fern\u00e1ndez se re\u00fane con el titular de la ONU en la previa del encuentro con Biden"},"content":{"rendered":"<p style=\"text-align: center;\"><em><strong>Este lunes, el presidente comparti\u00f3 un encuentro con directivos de grupos inversores, bancos y empresas del Council of the Americas<\/strong><\/em><\/p>\n<p>&nbsp;<\/p>\n<p>&nbsp;<\/p>\n<p>Este martes a las 13.30 el presidente Alberto Fern\u00e1ndez se re\u00fane con el secretario general de las Naciones Unidas, Ant\u00f3nio Guterres, en la sede de la ONU en Nueva York, Estados Unidos, en la previa de su viaje a Washington donde tendr\u00e1 con Joe Biden en su primer encuentro bilateral.<\/p>\n<p>La cumbre a \u201cagenda abierta\u201d con las autoridades estadounidenses durar\u00e1 90 minutos, incluir\u00e1 el di\u00e1logo entre ambos mandatarios, la declaraci\u00f3n conjunta y el saludo protocolar con funcionarios, del que participar\u00e1n el ministro de Econom\u00eda Sergio Massa y el canciller Santiago Cafiero por la parte argentina.<\/p>\n<p>Fern\u00e1ndez se reuni\u00f3 este lunes con la presidenta y CEO del Council of the Americas, Susan Segal, y con l\u00edderes empresariales de esa organizaci\u00f3n estadounidense \u201cpara dialogar sobre el panorama econ\u00f3mico de la Argentina y las oportunidades de inversi\u00f3n\u201d, seg\u00fan informaron fuentes de la comitiva oficial. El jefe de Estado comparti\u00f3 un encuentro con directivos de grupos inversores, bancos y empresas que son parte de dicha organizaci\u00f3n y presentan intereses en Argentina.<\/p>\n<p>El mandatario estuvo acompa\u00f1ado por la primera dama, Fabiola Ya\u00f1ez; el ministro de Relaciones Exteriores, Comercio Internacional y Culto, Santiago Cafiero; el embajador argentino en Estados Unidos, Jorge Arg\u00fcello; la representante permanente de Argentina ante Naciones Unidas, Mar\u00eda del Carmen Squeff; el secretario General de la Presidencia, Julio Vitobello; la portavoz de la Presidencia, Gabriela Cerruti y el c\u00f3nsul argentino en New York, Santiago Villalba.<\/p>\n","protected":false},"excerpt":{"rendered":"<p>Este lunes, el presidente comparti\u00f3 un encuentro con directivos de grupos inversores, bancos y empresas del Council of the Americas &nbsp; &nbsp; Este martes a las 13.30 el presidente Alberto Fern\u00e1ndez se re\u00fane con el secretario general de las Naciones Unidas, Ant\u00f3nio Guterres, en la sede de la ONU en Nueva York, Estados Unidos, en la previa de su viaje a Washington donde tendr\u00e1 con Joe Biden en su primer encuentro bilateral. La cumbre a \u201cagenda abierta\u201d con las autoridades estadounidenses durar\u00e1 90 minutos, incluir\u00e1 el di\u00e1logo entre ambos mandatarios,&#8230;<\/p>\n","protected":false},"author":3,"featured_media":99578,"comment_status":"closed","ping_status":"closed","sticky":false,"template":"","format":"standard","meta":[],"categories":[18],"tags":[],"_links":{"self":[{"href":"https:\/\/www.actualidadadiario.com\/index.php\/wp-json\/wp\/v2\/posts\/99577"}],"collection":[{"href":"https:\/\/www.actualidadadiario.com\/index.php\/wp-json\/wp\/v2\/posts"}],"about":[{"href":"https:\/\/www.actualidadadiario.com\/index.php\/wp-json\/wp\/v2\/types\/post"}],"author":[{"embeddable":true,"href":"https:\/\/www.actualidadadiario.com\/index.php\/wp-json\/wp\/v2\/users\/3"}],"replies":[{"embeddable":true,"href":"https:\/\/www.actualidadadiario.com\/index.php\/wp-json\/wp\/v2\/comments?post=99577"}],"version-history":[{"count":1,"href":"https:\/\/www.actualidadadiario.com\/index.php\/wp-json\/wp\/v2\/posts\/99577\/revisions"}],"predecessor-version":[{"id":99579,"href":"https:\/\/www.actualidadadiario.com\/index.php\/wp-json\/wp\/v2\/posts\/99577\/revisions\/99579"}],"wp:featuredmedia":[{"embeddable":true,"href":"https:\/\/www.actualidadadiario.com\/index.php\/wp-json\/wp\/v2\/media\/99578"}],"wp:attachment":[{"href":"https:\/\/www.actualidadadiario.com\/index.php\/wp-json\/wp\/v2\/media?parent=99577"}],"wp:term":[{"taxonomy":"category","embeddable":true,"href":"https:\/\/www.actualidadadiario.com\/index.php\/wp-json\/wp\/v2\/categories?post=99577"},{"taxonomy":"post_tag","embeddable":true,"href":"https:\/\/www.actualidadadiario.com\/index.php\/wp-json\/wp\/v2\/tags?post=99577"}],"curies":[{"name":"wp","href":"https:\/\/api.w.org\/{rel}","templated":true}]}}