{"id":99573,"date":"2023-03-28T14:06:48","date_gmt":"2023-03-28T17:06:48","guid":{"rendered":"https:\/\/www.actualidadadiario.com\/?p=99573"},"modified":"2023-03-28T14:06:48","modified_gmt":"2023-03-28T17:06:48","slug":"cara-a-cara-los-detalles-de-la-bilateral-mas-esperada-por-el-presidente-en-la-casa-blanca","status":"publish","type":"post","link":"https:\/\/www.actualidadadiario.com\/index.php\/2023\/03\/28\/cara-a-cara-los-detalles-de-la-bilateral-mas-esperada-por-el-presidente-en-la-casa-blanca\/","title":{"rendered":"Cara a cara: los detalles de la bilateral m\u00e1s esperada por el Presidente en la Casa Blanca"},"content":{"rendered":"<p style=\"text-align: center;\"><em><strong>El encuentro entre Alberto Fern\u00e1ndez y Joseph Biden ser\u00e1 a solas y a puertas cerradas, pero luego se sumar\u00e1n los ministros de Econom\u00eda, Relaciones Exteriores y Seguridad<\/strong><\/em><\/p>\n<p>&nbsp;<\/p>\n<p>&nbsp;<\/p>\n<p>&nbsp;<\/p>\n<p>Alberto Fern\u00e1ndez se trasformar\u00e1 en el primer presidente peronista que ingresa a la Casa Blanca para entrevistarse oficialmente con su par estadounidense en dos d\u00e9cadas. El \u00faltimo encuentro ocurri\u00f3 el 23 de julio de 2003, entre N\u00e9stor Kirchner y el entonces presidente de EE.UU., George Bush.<\/p>\n<p>Pasado el mediod\u00eda de este mi\u00e9rcoles 29 de marzo, Joseph Biden recibir\u00e1 a toda la delegaci\u00f3n oficial que participar\u00e1 del encuentro junto a su gabinete. La reuni\u00f3n bilateral tiene previsto un tiempo m\u00e1ximo de 90 minutos, y su etapa inicial suceder\u00e1 en el Sal\u00f3n Oval. All\u00ed, los presidentes de Argentina y Estados Unidos tratar\u00e1n a solas dos asuntos que consideran clave para sus respectivos intereses nacionales: el argentino se referir\u00e1 al impacto de la sequ\u00eda en el plan de estabilidad econ\u00f3mica y el acuerdo con el FMI, mientras que Biden dar\u00e1 detalles de su preocupaci\u00f3n por China y su influencia en la regi\u00f3n y en el mundo.<\/p>\n<p>La duraci\u00f3n de este mano a mano ser\u00e1 clave para evaluar el \u00e9xito de la bilateral. \u201cSi se extiende por aproximadamente una hora, estar\u00edamos en presencia de un aut\u00e9ntico logro diplom\u00e1tico\u201d, dijo un integrante de la comitiva diplom\u00e1tica que acompa\u00f1a a Fern\u00e1ndez por los Estados Unidos.<\/p>\n<p>Cuando el encuentro a solas concluya, ambos mandatarios har\u00e1n su balance ante los medios acreditados en la Casa Blanca y los periodistas que cubren la gira oficial que inici\u00f3 en Santo Domingo y concluir\u00e1 en DC. Luego los presidentes se dirigir\u00e1n a la Sala de Gabinete para continuar con la reuni\u00f3n bilateral, donde el argentino estar\u00e1 acompa\u00f1ado por Santiago Cafiero (canciller), Sergio Massa (ministro de Econom\u00eda), An\u00edbal Fern\u00e1ndez (ministro de Seguridad), Gabriela Cerruti (portavoz presidencial), Julio Vitobello (Secretario General de la Presidencia), Jorge Arguello (embajador argentino en Estados Unidos), Luciana Tito (jefa de Gabinete de Canciller\u00eda) y Leonardo Madcur (jefe de Gabinete de Econom\u00eda).<\/p>\n<p>En la representaci\u00f3n local se ubicar\u00e1n Biden, Jack Sullivan (consejero principal de Seguridad Nacional), Antony Blinken (secretario de Estado), Juan Gonz\u00e1lez (consejero de Seguridad Nacional para Am\u00e9rica Latina), Christopher Dood (asesor presidencial para Am\u00e9rica Latina) y Marc Stanley (embajador de Estados Unidos en Argentina). La inc\u00f3gnita es si finalmente se sumar\u00e1n Janet Yellen, secretaria del Tesoro, y Karine Jean-Pierre, secretaria de Prensa de la Casa Blanca.<\/p>\n<p>Esta tarde, cuando ya se encuentro alojado en el hotel Willard de Washington DC -luego de su paso por Nueva York- el presidente recibir\u00e1 a Massa y An\u00edbal Fern\u00e1ndez, que viajaron hacia la capital estadounidense para sumarse a la comitiva. Tanto sus roles como el del canciller Cafiero ser\u00e1n claves durante el encuentro de ma\u00f1ana ya que Biden quiere interiorizarse sobre la fortaleza del plan de estabilidad, la situaci\u00f3n del narcotr\u00e1fico en la Argentina y el curso de la pol\u00edtica exterior.<\/p>\n","protected":false},"excerpt":{"rendered":"<p>El encuentro entre Alberto Fern\u00e1ndez y Joseph Biden ser\u00e1 a solas y a puertas cerradas, pero luego se sumar\u00e1n los ministros de Econom\u00eda, Relaciones Exteriores y Seguridad &nbsp; &nbsp; &nbsp; Alberto Fern\u00e1ndez se trasformar\u00e1 en el primer presidente peronista que ingresa a la Casa Blanca para entrevistarse oficialmente con su par estadounidense en dos d\u00e9cadas. El \u00faltimo encuentro ocurri\u00f3 el 23 de julio de 2003, entre N\u00e9stor Kirchner y el entonces presidente de EE.UU., George Bush. Pasado el mediod\u00eda de este mi\u00e9rcoles 29 de marzo, Joseph Biden recibir\u00e1 a toda&#8230;<\/p>\n","protected":false},"author":3,"featured_media":99451,"comment_status":"closed","ping_status":"closed","sticky":false,"template":"","format":"standard","meta":[],"categories":[9],"tags":[],"_links":{"self":[{"href":"https:\/\/www.actualidadadiario.com\/index.php\/wp-json\/wp\/v2\/posts\/99573"}],"collection":[{"href":"https:\/\/www.actualidadadiario.com\/index.php\/wp-json\/wp\/v2\/posts"}],"about":[{"href":"https:\/\/www.actualidadadiario.com\/index.php\/wp-json\/wp\/v2\/types\/post"}],"author":[{"embeddable":true,"href":"https:\/\/www.actualidadadiario.com\/index.php\/wp-json\/wp\/v2\/users\/3"}],"replies":[{"embeddable":true,"href":"https:\/\/www.actualidadadiario.com\/index.php\/wp-json\/wp\/v2\/comments?post=99573"}],"version-history":[{"count":1,"href":"https:\/\/www.actualidadadiario.com\/index.php\/wp-json\/wp\/v2\/posts\/99573\/revisions"}],"predecessor-version":[{"id":99574,"href":"https:\/\/www.actualidadadiario.com\/index.php\/wp-json\/wp\/v2\/posts\/99573\/revisions\/99574"}],"wp:featuredmedia":[{"embeddable":true,"href":"https:\/\/www.actualidadadiario.com\/index.php\/wp-json\/wp\/v2\/media\/99451"}],"wp:attachment":[{"href":"https:\/\/www.actualidadadiario.com\/index.php\/wp-json\/wp\/v2\/media?parent=99573"}],"wp:term":[{"taxonomy":"category","embeddable":true,"href":"https:\/\/www.actualidadadiario.com\/index.php\/wp-json\/wp\/v2\/categories?post=99573"},{"taxonomy":"post_tag","embeddable":true,"href":"https:\/\/www.actualidadadiario.com\/index.php\/wp-json\/wp\/v2\/tags?post=99573"}],"curies":[{"name":"wp","href":"https:\/\/api.w.org\/{rel}","templated":true}]}}