{"id":99566,"date":"2023-03-28T14:03:38","date_gmt":"2023-03-28T17:03:38","guid":{"rendered":"https:\/\/www.actualidadadiario.com\/?p=99566"},"modified":"2023-03-28T14:03:38","modified_gmt":"2023-03-28T17:03:38","slug":"confirmaron-tres-muertes-por-dengue-en-tucuman-y-el-aumento-de-casos-genera-preocupacion","status":"publish","type":"post","link":"https:\/\/www.actualidadadiario.com\/index.php\/2023\/03\/28\/confirmaron-tres-muertes-por-dengue-en-tucuman-y-el-aumento-de-casos-genera-preocupacion\/","title":{"rendered":"Confirmaron tres muertes por dengue en Tucum\u00e1n y el aumento de casos genera preocupaci\u00f3n"},"content":{"rendered":"<p style=\"text-align: center;\"><em><strong>El \u00faltimo reporte del Ministerio de Salud inform\u00f3 que a nivel nacional hay 9.388 positivos de los cuales 8.504 ocurrieron en el pa\u00eds<\/strong><\/em><\/p>\n<p>&nbsp;<\/p>\n<p>&nbsp;<\/p>\n<p>El aumento de casos de dengue en el pa\u00eds genera preocupaci\u00f3n y en las \u00faltimas horas se confirmaron tres muertes en Tucum\u00e1n.<\/p>\n<p>Fue el Ministerio de Salud provincial qui\u00e9n inform\u00f3 el fallecimiento de dos adultos que se suman al ocurrido el jueves de la semana pasada.<\/p>\n<p>Desde hace unos d\u00edas el foco se concentr\u00f3 en los positivos aut\u00f3ctonos ya que denota ser un porcentaje m\u00e1s que relevante a diferencia de los que tienen antecedentes de viaje.<\/p>\n<p>El \u00faltimo reporte del Ministerio de Salud, publicado el 24 de marzo, inform\u00f3 que a nivel nacional hay 9.388 positivos de los cuales 8.504 se contagiaron en el pa\u00eds. Esta informaci\u00f3n manifiesta que existe un alto porcentaje de circulaci\u00f3n comunitaria.<\/p>\n<p>Es importante mencionar que los datos recolectados por el Gobierno Nacional son de la temporada vigente desde agosto 2022 hasta marzo 2023. El mismo muestra un incremento de casos de un 95% en s\u00f3lo una semana.<\/p>\n<p>Por la picadura del mosquito Aedes aegypti se detectaron casos en 13 jurisdicciones del pa\u00eds y en el \u00faltimo mes el promedio semanal de casos alcanza los 2.000 positivos.<\/p>\n<p>La circulaci\u00f3n de este virus se identific\u00f3 en: Buenos Aires, Ciudad Aut\u00f3noma de Buenos Aires, Catamarca, Chaco, Corrientes, C\u00f3rdoba, Entre R\u00edos, Formosa, Jujuy, Salta, Santa Fe, Santiago del Estero y Tucum\u00e1n.<\/p>\n<p>Con respecto a Capital Federal los barrios m\u00e1s afectados por el aumento de casos pertenecen a la comuna 9 y 11: Parque Avellaneda, Liniers y Mataderos, Villa General Mitre, Villa Devoto, Villa del Parque y Villa Santa Rita.<\/p>\n<p>El director del Hospital Santojanni de Liniers, Federico Charabora, inform\u00f3 que en la guardia de dicho centro de salud se est\u00e1n atendiendo entre 80 y 90 casos de Dengue por d\u00eda.<\/p>\n<p>El dengue es una enfermedad viral transmitida por la picadura del mosquito Aedes aegypti. Cuando el mosquito se alimenta con sangre de una persona infectada por el virus Dengue, adquiere el virus y luego de 8 a 12 d\u00edas es capaz de transmitirlo a una persona sana a trav\u00e9s de la picadura.<\/p>\n<p>Los s\u00edntomas son: fiebre acompa\u00f1ada de uno o m\u00e1s de los siguientes: dolor detr\u00e1s de los ojos, de cabeza, muscular y de articulaciones, n\u00e1useas y v\u00f3mitos, cansancio intenso, aparici\u00f3n de manchas en la piel y picaz\u00f3n y\/o sangrado de nariz y enc\u00edas.<\/p>\n<p>La medida m\u00e1s importante de prevenci\u00f3n de Dengue y Chikungunya es la eliminaci\u00f3n de todos los criaderos de mosquitos, es decir, los recipientes que contengan agua, tanto en el interior de las viviendas como en sus alrededores.<\/p>\n<p>Adem\u00e1s, es importante utilizar repelente, usar ropa de manga larga y colores claros as\u00ed como tambi\u00e9n colocar redes o tules sobre cunas y cochecitos.<\/p>\n","protected":false},"excerpt":{"rendered":"<p>El \u00faltimo reporte del Ministerio de Salud inform\u00f3 que a nivel nacional hay 9.388 positivos de los cuales 8.504 ocurrieron en el pa\u00eds &nbsp; &nbsp; El aumento de casos de dengue en el pa\u00eds genera preocupaci\u00f3n y en las \u00faltimas horas se confirmaron tres muertes en Tucum\u00e1n. Fue el Ministerio de Salud provincial qui\u00e9n inform\u00f3 el fallecimiento de dos adultos que se suman al ocurrido el jueves de la semana pasada. Desde hace unos d\u00edas el foco se concentr\u00f3 en los positivos aut\u00f3ctonos ya que denota ser un porcentaje m\u00e1s&#8230;<\/p>\n","protected":false},"author":3,"featured_media":99342,"comment_status":"closed","ping_status":"closed","sticky":false,"template":"","format":"standard","meta":[],"categories":[2],"tags":[],"_links":{"self":[{"href":"https:\/\/www.actualidadadiario.com\/index.php\/wp-json\/wp\/v2\/posts\/99566"}],"collection":[{"href":"https:\/\/www.actualidadadiario.com\/index.php\/wp-json\/wp\/v2\/posts"}],"about":[{"href":"https:\/\/www.actualidadadiario.com\/index.php\/wp-json\/wp\/v2\/types\/post"}],"author":[{"embeddable":true,"href":"https:\/\/www.actualidadadiario.com\/index.php\/wp-json\/wp\/v2\/users\/3"}],"replies":[{"embeddable":true,"href":"https:\/\/www.actualidadadiario.com\/index.php\/wp-json\/wp\/v2\/comments?post=99566"}],"version-history":[{"count":1,"href":"https:\/\/www.actualidadadiario.com\/index.php\/wp-json\/wp\/v2\/posts\/99566\/revisions"}],"predecessor-version":[{"id":99567,"href":"https:\/\/www.actualidadadiario.com\/index.php\/wp-json\/wp\/v2\/posts\/99566\/revisions\/99567"}],"wp:featuredmedia":[{"embeddable":true,"href":"https:\/\/www.actualidadadiario.com\/index.php\/wp-json\/wp\/v2\/media\/99342"}],"wp:attachment":[{"href":"https:\/\/www.actualidadadiario.com\/index.php\/wp-json\/wp\/v2\/media?parent=99566"}],"wp:term":[{"taxonomy":"category","embeddable":true,"href":"https:\/\/www.actualidadadiario.com\/index.php\/wp-json\/wp\/v2\/categories?post=99566"},{"taxonomy":"post_tag","embeddable":true,"href":"https:\/\/www.actualidadadiario.com\/index.php\/wp-json\/wp\/v2\/tags?post=99566"}],"curies":[{"name":"wp","href":"https:\/\/api.w.org\/{rel}","templated":true}]}}